{"id":1294,"date":"2023-05-08T11:01:19","date_gmt":"2023-05-08T09:01:19","guid":{"rendered":"http:\/\/gsmulsum-kutenholz.de\/?p=1294"},"modified":"2023-05-08T11:01:52","modified_gmt":"2023-05-08T09:01:52","slug":"englisches-theater","status":"publish","type":"post","link":"https:\/\/gsmulsum-kutenholz.de\/?p=1294","title":{"rendered":"Ben liebt Anna"},"content":{"rendered":"<p>Am Donnerstag, dem 04.05.23, fuhr die Klasse 3a mit dem Linienbus nach Stade ins Stadeum. Dort konnten sie das St\u00fcck &#8222;Ben liebt Anna&#8220; erleben.<\/p>\n<h3>Die musikalische Geschichte einer ersten Liebe &#8211; Kribbeln im Bauch &#8211; etwas Aufregenderes gibt es wohl kaum. Auch nicht f\u00fcr Ben, denn der hat eine neue Mitsch\u00fclerin bekommen. &#8222;Die Neue&#8220; hei\u00dft Anna, die mit ihrer Familie aus Polen hergezogen ist. Anna spricht anders und benimmt sich scheinbar auch anders, als alle anderen. Ihre Mitsch\u00fcler*innen begegnen ihr mit gemischten Gef\u00fchlen &#8211; einer Mixtur aus Ablehnung und Neugier. So geht es auch Ben. Einerseits f\u00fchlt er sich zu Anna hingezogen, andererseits findet auch er einiges an ihr befremdlich. Als sie von seinen Freunden ge\u00e4rgert wird, verteidigt Ben sie. Und schon hei\u00dft es &#8222;Ben liebt Anna&#8220;. Wie peinlich. Oder? Die erste Liebe, der Umgang mit sozialen Unterschieden und der Mut, zu seinen eigenen Gef\u00fchlen zu stehen, sind die gro\u00dfen Themen dieser Inszenierung mit viel Musik.&nbsp;<\/h3>\n<p>Danach ging es bei gutem Wetter noch zum Bummeln in die Innenstadt und im Anschluss mit dem Bus wieder zur\u00fcck nach Kutenholz.<\/p>\n<p><img loading=\"lazy\" decoding=\"async\" class=\"alignnone size-medium wp-image-149\" src=\"https:\/\/gsmulsum-kutenholz.de\/wp-content\/uploads\/2018\/04\/bus-300x113.jpg\" alt=\"\" width=\"300\" height=\"113\" srcset=\"https:\/\/gsmulsum-kutenholz.de\/wp-content\/uploads\/2018\/04\/bus-300x113.jpg 300w, https:\/\/gsmulsum-kutenholz.de\/wp-content\/uploads\/2018\/04\/bus-768x290.jpg 768w, https:\/\/gsmulsum-kutenholz.de\/wp-content\/uploads\/2018\/04\/bus.jpg 965w\" sizes=\"auto, (max-width: 300px) 100vw, 300px\" \/><\/p>\n<p>&nbsp;<\/p>\n<p>&nbsp;<\/p>\n<p>&nbsp;<\/p>\n\n\n<figure class=\"wp-block-image size-large\"><img loading=\"lazy\" decoding=\"async\" width=\"1024\" height=\"768\" src=\"https:\/\/gsmulsum-kutenholz.de\/wp-content\/uploads\/2023\/05\/IMG_20230504_115921-1024x768.jpg\" alt=\"\" class=\"wp-image-4574\" srcset=\"https:\/\/gsmulsum-kutenholz.de\/wp-content\/uploads\/2023\/05\/IMG_20230504_115921-1024x768.jpg 1024w, https:\/\/gsmulsum-kutenholz.de\/wp-content\/uploads\/2023\/05\/IMG_20230504_115921-300x225.jpg 300w, https:\/\/gsmulsum-kutenholz.de\/wp-content\/uploads\/2023\/05\/IMG_20230504_115921-768x576.jpg 768w, https:\/\/gsmulsum-kutenholz.de\/wp-content\/uploads\/2023\/05\/IMG_20230504_115921-1536x1152.jpg 1536w, https:\/\/gsmulsum-kutenholz.de\/wp-content\/uploads\/2023\/05\/IMG_20230504_115921-2048x1536.jpg 2048w\" sizes=\"auto, (max-width: 1024px) 100vw, 1024px\" \/><\/figure>\n\n\n\n<figure class=\"wp-block-image size-large\"><img loading=\"lazy\" decoding=\"async\" width=\"1024\" height=\"768\" src=\"https:\/\/gsmulsum-kutenholz.de\/wp-content\/uploads\/2023\/05\/IMG_20230504_115923-1024x768.jpg\" alt=\"\" class=\"wp-image-4575\" srcset=\"https:\/\/gsmulsum-kutenholz.de\/wp-content\/uploads\/2023\/05\/IMG_20230504_115923-1024x768.jpg 1024w, https:\/\/gsmulsum-kutenholz.de\/wp-content\/uploads\/2023\/05\/IMG_20230504_115923-300x225.jpg 300w, https:\/\/gsmulsum-kutenholz.de\/wp-content\/uploads\/2023\/05\/IMG_20230504_115923-768x576.jpg 768w, https:\/\/gsmulsum-kutenholz.de\/wp-content\/uploads\/2023\/05\/IMG_20230504_115923-1536x1152.jpg 1536w, https:\/\/gsmulsum-kutenholz.de\/wp-content\/uploads\/2023\/05\/IMG_20230504_115923-2048x1536.jpg 2048w\" sizes=\"auto, (max-width: 1024px) 100vw, 1024px\" \/><\/figure>\n\n\n\n<figure class=\"wp-block-image size-large\"><img loading=\"lazy\" decoding=\"async\" width=\"1024\" height=\"768\" src=\"https:\/\/gsmulsum-kutenholz.de\/wp-content\/uploads\/2023\/05\/IMG_20230504_120218-1024x768.jpg\" alt=\"\" class=\"wp-image-4576\" srcset=\"https:\/\/gsmulsum-kutenholz.de\/wp-content\/uploads\/2023\/05\/IMG_20230504_120218-1024x768.jpg 1024w, https:\/\/gsmulsum-kutenholz.de\/wp-content\/uploads\/2023\/05\/IMG_20230504_120218-300x225.jpg 300w, https:\/\/gsmulsum-kutenholz.de\/wp-content\/uploads\/2023\/05\/IMG_20230504_120218-768x576.jpg 768w, https:\/\/gsmulsum-kutenholz.de\/wp-content\/uploads\/2023\/05\/IMG_20230504_120218-1536x1152.jpg 1536w, https:\/\/gsmulsum-kutenholz.de\/wp-content\/uploads\/2023\/05\/IMG_20230504_120218-2048x1536.jpg 2048w\" sizes=\"auto, (max-width: 1024px) 100vw, 1024px\" \/><\/figure>\n","protected":false},"excerpt":{"rendered":"<p>Am Donnerstag, dem 04.05.23, fuhr die Klasse 3a mit dem Linienbus nach Stade ins Stadeum. Dort konnten sie das St\u00fcck &#8222;Ben liebt Anna&#8220; erleben. Die musikalische Geschichte einer ersten Liebe &#8211; Kribbeln im Bauch &#8211; etwas Aufregenderes gibt es wohl kaum. Auch nicht f\u00fcr Ben, denn der hat eine neue Mitsch\u00fclerin bekommen. &#8222;Die Neue&#8220; hei\u00dft [&hellip;]<\/p>\n","protected":false},"author":2,"featured_media":4573,"comment_status":"open","ping_status":"open","sticky":false,"template":"","format":"standard","meta":{"ngg_post_thumbnail":0,"footnotes":""},"categories":[5],"tags":[],"class_list":["post-1294","post","type-post","status-publish","format-standard","has-post-thumbnail","hentry","category-neuigkeiten"],"yoast_head":"<!-- This site is optimized with the Yoast SEO plugin v27.4 - https:\/\/yoast.com\/product\/yoast-seo-wordpress\/ -->\n<title>Ben liebt Anna - Grundschule Mulsum - Kutenholz<\/title>\n<meta name=\"robots\" content=\"index, follow, max-snippet:-1, max-image-preview:large, max-video-preview:-1\" \/>\n<link rel=\"canonical\" href=\"https:\/\/gsmulsum-kutenholz.de\/?p=1294\" \/>\n<meta property=\"og:locale\" content=\"de_DE\" \/>\n<meta property=\"og:type\" content=\"article\" \/>\n<meta property=\"og:title\" content=\"Ben liebt Anna - Grundschule Mulsum - Kutenholz\" \/>\n<meta property=\"og:description\" content=\"Am Donnerstag, dem 04.05.23, fuhr die Klasse 3a mit dem Linienbus nach Stade ins Stadeum. Dort konnten sie das St\u00fcck &#8222;Ben liebt Anna&#8220; erleben. Die musikalische Geschichte einer ersten Liebe &#8211; Kribbeln im Bauch &#8211; etwas Aufregenderes gibt es wohl kaum. Auch nicht f\u00fcr Ben, denn der hat eine neue Mitsch\u00fclerin bekommen. &#8222;Die Neue&#8220; hei\u00dft [&hellip;]\" \/>\n<meta property=\"og:url\" content=\"https:\/\/gsmulsum-kutenholz.de\/?p=1294\" \/>\n<meta property=\"og:site_name\" content=\"Grundschule Mulsum - Kutenholz\" \/>\n<meta property=\"article:published_time\" content=\"2023-05-08T09:01:19+00:00\" \/>\n<meta property=\"article:modified_time\" content=\"2023-05-08T09:01:52+00:00\" \/>\n<meta property=\"og:image\" content=\"https:\/\/gsmulsum-kutenholz.de\/wp-content\/uploads\/2023\/05\/F576DF2A-B70B-4EA3-B553-2472BE1A5B07-rotated.jpeg\" \/>\n\t<meta property=\"og:image:width\" content=\"1875\" \/>\n\t<meta property=\"og:image:height\" content=\"2500\" \/>\n\t<meta property=\"og:image:type\" content=\"image\/jpeg\" \/>\n<meta name=\"author\" content=\"StR\" \/>\n<meta name=\"twitter:card\" content=\"summary_large_image\" \/>\n<meta name=\"twitter:label1\" content=\"Verfasst von\" \/>\n\t<meta name=\"twitter:data1\" content=\"StR\" \/>\n\t<meta name=\"twitter:label2\" content=\"Gesch\u00e4tzte Lesezeit\" \/>\n\t<meta name=\"twitter:data2\" content=\"1\u00a0Minute\" \/>\n<script type=\"application\/ld+json\" class=\"yoast-schema-graph\">{\"@context\":\"https:\\\/\\\/schema.org\",\"@graph\":[{\"@type\":\"Article\",\"@id\":\"https:\\\/\\\/gsmulsum-kutenholz.de\\\/?p=1294#article\",\"isPartOf\":{\"@id\":\"https:\\\/\\\/gsmulsum-kutenholz.de\\\/?p=1294\"},\"author\":{\"name\":\"StR\",\"@id\":\"https:\\\/\\\/gsmulsum-kutenholz.de\\\/#\\\/schema\\\/person\\\/9392f9926f5b3febd93e4d9faad95a36\"},\"headline\":\"Ben liebt Anna\",\"datePublished\":\"2023-05-08T09:01:19+00:00\",\"dateModified\":\"2023-05-08T09:01:52+00:00\",\"mainEntityOfPage\":{\"@id\":\"https:\\\/\\\/gsmulsum-kutenholz.de\\\/?p=1294\"},\"wordCount\":197,\"commentCount\":0,\"image\":{\"@id\":\"https:\\\/\\\/gsmulsum-kutenholz.de\\\/?p=1294#primaryimage\"},\"thumbnailUrl\":\"https:\\\/\\\/gsmulsum-kutenholz.de\\\/wp-content\\\/uploads\\\/2023\\\/05\\\/F576DF2A-B70B-4EA3-B553-2472BE1A5B07-rotated.jpeg\",\"articleSection\":[\"Neuigkeiten\"],\"inLanguage\":\"de\",\"potentialAction\":[{\"@type\":\"CommentAction\",\"name\":\"Comment\",\"target\":[\"https:\\\/\\\/gsmulsum-kutenholz.de\\\/?p=1294#respond\"]}]},{\"@type\":\"WebPage\",\"@id\":\"https:\\\/\\\/gsmulsum-kutenholz.de\\\/?p=1294\",\"url\":\"https:\\\/\\\/gsmulsum-kutenholz.de\\\/?p=1294\",\"name\":\"Ben liebt Anna - Grundschule Mulsum - Kutenholz\",\"isPartOf\":{\"@id\":\"https:\\\/\\\/gsmulsum-kutenholz.de\\\/#website\"},\"primaryImageOfPage\":{\"@id\":\"https:\\\/\\\/gsmulsum-kutenholz.de\\\/?p=1294#primaryimage\"},\"image\":{\"@id\":\"https:\\\/\\\/gsmulsum-kutenholz.de\\\/?p=1294#primaryimage\"},\"thumbnailUrl\":\"https:\\\/\\\/gsmulsum-kutenholz.de\\\/wp-content\\\/uploads\\\/2023\\\/05\\\/F576DF2A-B70B-4EA3-B553-2472BE1A5B07-rotated.jpeg\",\"datePublished\":\"2023-05-08T09:01:19+00:00\",\"dateModified\":\"2023-05-08T09:01:52+00:00\",\"author\":{\"@id\":\"https:\\\/\\\/gsmulsum-kutenholz.de\\\/#\\\/schema\\\/person\\\/9392f9926f5b3febd93e4d9faad95a36\"},\"breadcrumb\":{\"@id\":\"https:\\\/\\\/gsmulsum-kutenholz.de\\\/?p=1294#breadcrumb\"},\"inLanguage\":\"de\",\"potentialAction\":[{\"@type\":\"ReadAction\",\"target\":[\"https:\\\/\\\/gsmulsum-kutenholz.de\\\/?p=1294\"]}]},{\"@type\":\"ImageObject\",\"inLanguage\":\"de\",\"@id\":\"https:\\\/\\\/gsmulsum-kutenholz.de\\\/?p=1294#primaryimage\",\"url\":\"https:\\\/\\\/gsmulsum-kutenholz.de\\\/wp-content\\\/uploads\\\/2023\\\/05\\\/F576DF2A-B70B-4EA3-B553-2472BE1A5B07-rotated.jpeg\",\"contentUrl\":\"https:\\\/\\\/gsmulsum-kutenholz.de\\\/wp-content\\\/uploads\\\/2023\\\/05\\\/F576DF2A-B70B-4EA3-B553-2472BE1A5B07-rotated.jpeg\",\"width\":1875,\"height\":2500},{\"@type\":\"BreadcrumbList\",\"@id\":\"https:\\\/\\\/gsmulsum-kutenholz.de\\\/?p=1294#breadcrumb\",\"itemListElement\":[{\"@type\":\"ListItem\",\"position\":1,\"name\":\"Start\",\"item\":\"https:\\\/\\\/gsmulsum-kutenholz.de\\\/\"},{\"@type\":\"ListItem\",\"position\":2,\"name\":\"Ben liebt Anna\"}]},{\"@type\":\"WebSite\",\"@id\":\"https:\\\/\\\/gsmulsum-kutenholz.de\\\/#website\",\"url\":\"https:\\\/\\\/gsmulsum-kutenholz.de\\\/\",\"name\":\"Grundschule Mulsum - Kutenholz\",\"description\":\"\",\"potentialAction\":[{\"@type\":\"SearchAction\",\"target\":{\"@type\":\"EntryPoint\",\"urlTemplate\":\"https:\\\/\\\/gsmulsum-kutenholz.de\\\/?s={search_term_string}\"},\"query-input\":{\"@type\":\"PropertyValueSpecification\",\"valueRequired\":true,\"valueName\":\"search_term_string\"}}],\"inLanguage\":\"de\"},{\"@type\":\"Person\",\"@id\":\"https:\\\/\\\/gsmulsum-kutenholz.de\\\/#\\\/schema\\\/person\\\/9392f9926f5b3febd93e4d9faad95a36\",\"name\":\"StR\",\"image\":{\"@type\":\"ImageObject\",\"inLanguage\":\"de\",\"@id\":\"https:\\\/\\\/secure.gravatar.com\\\/avatar\\\/0f83786356390a9b9f34eec58b2e212e708162c990f07d5dd21c9104fcf44663?s=96&d=mm&r=g\",\"url\":\"https:\\\/\\\/secure.gravatar.com\\\/avatar\\\/0f83786356390a9b9f34eec58b2e212e708162c990f07d5dd21c9104fcf44663?s=96&d=mm&r=g\",\"contentUrl\":\"https:\\\/\\\/secure.gravatar.com\\\/avatar\\\/0f83786356390a9b9f34eec58b2e212e708162c990f07d5dd21c9104fcf44663?s=96&d=mm&r=g\",\"caption\":\"StR\"},\"url\":\"https:\\\/\\\/gsmulsum-kutenholz.de\\\/?author=2\"}]}<\/script>\n<!-- \/ Yoast SEO plugin. -->","yoast_head_json":{"title":"Ben liebt Anna - Grundschule Mulsum - Kutenholz","robots":{"index":"index","follow":"follow","max-snippet":"max-snippet:-1","max-image-preview":"max-image-preview:large","max-video-preview":"max-video-preview:-1"},"canonical":"https:\/\/gsmulsum-kutenholz.de\/?p=1294","og_locale":"de_DE","og_type":"article","og_title":"Ben liebt Anna - Grundschule Mulsum - Kutenholz","og_description":"Am Donnerstag, dem 04.05.23, fuhr die Klasse 3a mit dem Linienbus nach Stade ins Stadeum. Dort konnten sie das St\u00fcck &#8222;Ben liebt Anna&#8220; erleben. Die musikalische Geschichte einer ersten Liebe &#8211; Kribbeln im Bauch &#8211; etwas Aufregenderes gibt es wohl kaum. Auch nicht f\u00fcr Ben, denn der hat eine neue Mitsch\u00fclerin bekommen. &#8222;Die Neue&#8220; hei\u00dft [&hellip;]","og_url":"https:\/\/gsmulsum-kutenholz.de\/?p=1294","og_site_name":"Grundschule Mulsum - Kutenholz","article_published_time":"2023-05-08T09:01:19+00:00","article_modified_time":"2023-05-08T09:01:52+00:00","og_image":[{"width":1875,"height":2500,"url":"https:\/\/gsmulsum-kutenholz.de\/wp-content\/uploads\/2023\/05\/F576DF2A-B70B-4EA3-B553-2472BE1A5B07-rotated.jpeg","type":"image\/jpeg"}],"author":"StR","twitter_card":"summary_large_image","twitter_misc":{"Verfasst von":"StR","Gesch\u00e4tzte Lesezeit":"1\u00a0Minute"},"schema":{"@context":"https:\/\/schema.org","@graph":[{"@type":"Article","@id":"https:\/\/gsmulsum-kutenholz.de\/?p=1294#article","isPartOf":{"@id":"https:\/\/gsmulsum-kutenholz.de\/?p=1294"},"author":{"name":"StR","@id":"https:\/\/gsmulsum-kutenholz.de\/#\/schema\/person\/9392f9926f5b3febd93e4d9faad95a36"},"headline":"Ben liebt Anna","datePublished":"2023-05-08T09:01:19+00:00","dateModified":"2023-05-08T09:01:52+00:00","mainEntityOfPage":{"@id":"https:\/\/gsmulsum-kutenholz.de\/?p=1294"},"wordCount":197,"commentCount":0,"image":{"@id":"https:\/\/gsmulsum-kutenholz.de\/?p=1294#primaryimage"},"thumbnailUrl":"https:\/\/gsmulsum-kutenholz.de\/wp-content\/uploads\/2023\/05\/F576DF2A-B70B-4EA3-B553-2472BE1A5B07-rotated.jpeg","articleSection":["Neuigkeiten"],"inLanguage":"de","potentialAction":[{"@type":"CommentAction","name":"Comment","target":["https:\/\/gsmulsum-kutenholz.de\/?p=1294#respond"]}]},{"@type":"WebPage","@id":"https:\/\/gsmulsum-kutenholz.de\/?p=1294","url":"https:\/\/gsmulsum-kutenholz.de\/?p=1294","name":"Ben liebt Anna - Grundschule Mulsum - Kutenholz","isPartOf":{"@id":"https:\/\/gsmulsum-kutenholz.de\/#website"},"primaryImageOfPage":{"@id":"https:\/\/gsmulsum-kutenholz.de\/?p=1294#primaryimage"},"image":{"@id":"https:\/\/gsmulsum-kutenholz.de\/?p=1294#primaryimage"},"thumbnailUrl":"https:\/\/gsmulsum-kutenholz.de\/wp-content\/uploads\/2023\/05\/F576DF2A-B70B-4EA3-B553-2472BE1A5B07-rotated.jpeg","datePublished":"2023-05-08T09:01:19+00:00","dateModified":"2023-05-08T09:01:52+00:00","author":{"@id":"https:\/\/gsmulsum-kutenholz.de\/#\/schema\/person\/9392f9926f5b3febd93e4d9faad95a36"},"breadcrumb":{"@id":"https:\/\/gsmulsum-kutenholz.de\/?p=1294#breadcrumb"},"inLanguage":"de","potentialAction":[{"@type":"ReadAction","target":["https:\/\/gsmulsum-kutenholz.de\/?p=1294"]}]},{"@type":"ImageObject","inLanguage":"de","@id":"https:\/\/gsmulsum-kutenholz.de\/?p=1294#primaryimage","url":"https:\/\/gsmulsum-kutenholz.de\/wp-content\/uploads\/2023\/05\/F576DF2A-B70B-4EA3-B553-2472BE1A5B07-rotated.jpeg","contentUrl":"https:\/\/gsmulsum-kutenholz.de\/wp-content\/uploads\/2023\/05\/F576DF2A-B70B-4EA3-B553-2472BE1A5B07-rotated.jpeg","width":1875,"height":2500},{"@type":"BreadcrumbList","@id":"https:\/\/gsmulsum-kutenholz.de\/?p=1294#breadcrumb","itemListElement":[{"@type":"ListItem","position":1,"name":"Start","item":"https:\/\/gsmulsum-kutenholz.de\/"},{"@type":"ListItem","position":2,"name":"Ben liebt Anna"}]},{"@type":"WebSite","@id":"https:\/\/gsmulsum-kutenholz.de\/#website","url":"https:\/\/gsmulsum-kutenholz.de\/","name":"Grundschule Mulsum - Kutenholz","description":"","potentialAction":[{"@type":"SearchAction","target":{"@type":"EntryPoint","urlTemplate":"https:\/\/gsmulsum-kutenholz.de\/?s={search_term_string}"},"query-input":{"@type":"PropertyValueSpecification","valueRequired":true,"valueName":"search_term_string"}}],"inLanguage":"de"},{"@type":"Person","@id":"https:\/\/gsmulsum-kutenholz.de\/#\/schema\/person\/9392f9926f5b3febd93e4d9faad95a36","name":"StR","image":{"@type":"ImageObject","inLanguage":"de","@id":"https:\/\/secure.gravatar.com\/avatar\/0f83786356390a9b9f34eec58b2e212e708162c990f07d5dd21c9104fcf44663?s=96&d=mm&r=g","url":"https:\/\/secure.gravatar.com\/avatar\/0f83786356390a9b9f34eec58b2e212e708162c990f07d5dd21c9104fcf44663?s=96&d=mm&r=g","contentUrl":"https:\/\/secure.gravatar.com\/avatar\/0f83786356390a9b9f34eec58b2e212e708162c990f07d5dd21c9104fcf44663?s=96&d=mm&r=g","caption":"StR"},"url":"https:\/\/gsmulsum-kutenholz.de\/?author=2"}]}},"_links":{"self":[{"href":"https:\/\/gsmulsum-kutenholz.de\/index.php?rest_route=\/wp\/v2\/posts\/1294","targetHints":{"allow":["GET"]}}],"collection":[{"href":"https:\/\/gsmulsum-kutenholz.de\/index.php?rest_route=\/wp\/v2\/posts"}],"about":[{"href":"https:\/\/gsmulsum-kutenholz.de\/index.php?rest_route=\/wp\/v2\/types\/post"}],"author":[{"embeddable":true,"href":"https:\/\/gsmulsum-kutenholz.de\/index.php?rest_route=\/wp\/v2\/users\/2"}],"replies":[{"embeddable":true,"href":"https:\/\/gsmulsum-kutenholz.de\/index.php?rest_route=%2Fwp%2Fv2%2Fcomments&post=1294"}],"version-history":[{"count":6,"href":"https:\/\/gsmulsum-kutenholz.de\/index.php?rest_route=\/wp\/v2\/posts\/1294\/revisions"}],"predecessor-version":[{"id":4579,"href":"https:\/\/gsmulsum-kutenholz.de\/index.php?rest_route=\/wp\/v2\/posts\/1294\/revisions\/4579"}],"wp:featuredmedia":[{"embeddable":true,"href":"https:\/\/gsmulsum-kutenholz.de\/index.php?rest_route=\/wp\/v2\/media\/4573"}],"wp:attachment":[{"href":"https:\/\/gsmulsum-kutenholz.de\/index.php?rest_route=%2Fwp%2Fv2%2Fmedia&parent=1294"}],"wp:term":[{"taxonomy":"category","embeddable":true,"href":"https:\/\/gsmulsum-kutenholz.de\/index.php?rest_route=%2Fwp%2Fv2%2Fcategories&post=1294"},{"taxonomy":"post_tag","embeddable":true,"href":"https:\/\/gsmulsum-kutenholz.de\/index.php?rest_route=%2Fwp%2Fv2%2Ftags&post=1294"}],"curies":[{"name":"wp","href":"https:\/\/api.w.org\/{rel}","templated":true}]}}