{"id":2494,"date":"2025-05-07T13:26:00","date_gmt":"2025-05-07T11:26:00","guid":{"rendered":"http:\/\/gsmulsum-kutenholz.de\/?p=2494"},"modified":"2025-05-07T12:49:15","modified_gmt":"2025-05-07T10:49:15","slug":"erste-hilfe-lehrgang-fuer-die-viertklaessler","status":"publish","type":"post","link":"https:\/\/gsmulsum-kutenholz.de\/?p=2494","title":{"rendered":"Erste Hilfe Lehrgang f\u00fcr die vierten Klassen"},"content":{"rendered":"\n<p class=\"has-very-light-gray-color has-vivid-red-background-color has-text-color has-background has-medium-font-size\"><strong>Seit mehreren Jahren findet an unserer Schule gegen Ende des 4. Schuljahres ein Erste Hilfe Lehrgang f\u00fcr die Sch\u00fclerinnen und Sch\u00fcler statt. Er wird organisiert vom Mulsumer DRK Ortsverband. Am 07. Mai lernten die Kinder Wunden zu versorgen und Verb\u00e4nde anzulegen. Nat\u00fcrlich lie\u00dfen viele Sch\u00fclerinnen und Sch\u00fcler die Verb\u00e4nde an ihrem Kopf, Arm oder Bein, um sie auch noch zu Hause zeigen zu k\u00f6nnen. Au\u00dferdem \u00fcbten die Kinder, wie sie vorgehen m\u00fcssen, wenn sie eine bewusstlose Person vorfinden. Alle brachten eine Mitsch\u00fclerin oder einen Mitsch\u00fcler und selbst den Lehrer in die stabile Seitenlage und setzten einen \u201eNotruf\u201c ab. Hoch motiviert f\u00fchrten die Kids die praktischen \u00dcbungen aus. Zum Abschluss bekamen alle eine Urkunde \u00fcber die Teilnahme am Kurs. <\/strong><\/p>\n\n\n\n<figure class=\"wp-block-gallery has-nested-images columns-default is-cropped wp-block-gallery-1 is-layout-flex wp-block-gallery-is-layout-flex\">\n<figure class=\"wp-block-image size-large\"><img loading=\"lazy\" decoding=\"async\" width=\"1024\" height=\"768\" data-id=\"5224\" src=\"https:\/\/gsmulsum-kutenholz.de\/wp-content\/uploads\/2024\/05\/IMG_0585-1024x768.jpeg\" alt=\"\" class=\"wp-image-5224\" srcset=\"https:\/\/gsmulsum-kutenholz.de\/wp-content\/uploads\/2024\/05\/IMG_0585-1024x768.jpeg 1024w, https:\/\/gsmulsum-kutenholz.de\/wp-content\/uploads\/2024\/05\/IMG_0585-300x225.jpeg 300w, https:\/\/gsmulsum-kutenholz.de\/wp-content\/uploads\/2024\/05\/IMG_0585-768x576.jpeg 768w, https:\/\/gsmulsum-kutenholz.de\/wp-content\/uploads\/2024\/05\/IMG_0585-1536x1152.jpeg 1536w, https:\/\/gsmulsum-kutenholz.de\/wp-content\/uploads\/2024\/05\/IMG_0585-2048x1536.jpeg 2048w\" sizes=\"auto, (max-width: 1024px) 100vw, 1024px\" \/><\/figure>\n\n\n\n<figure class=\"wp-block-image size-large\"><img loading=\"lazy\" decoding=\"async\" width=\"1024\" height=\"768\" data-id=\"5227\" src=\"https:\/\/gsmulsum-kutenholz.de\/wp-content\/uploads\/2024\/05\/IMG_0586-1024x768.jpeg\" alt=\"\" class=\"wp-image-5227\" srcset=\"https:\/\/gsmulsum-kutenholz.de\/wp-content\/uploads\/2024\/05\/IMG_0586-1024x768.jpeg 1024w, https:\/\/gsmulsum-kutenholz.de\/wp-content\/uploads\/2024\/05\/IMG_0586-300x225.jpeg 300w, https:\/\/gsmulsum-kutenholz.de\/wp-content\/uploads\/2024\/05\/IMG_0586-768x576.jpeg 768w, https:\/\/gsmulsum-kutenholz.de\/wp-content\/uploads\/2024\/05\/IMG_0586-1536x1152.jpeg 1536w, https:\/\/gsmulsum-kutenholz.de\/wp-content\/uploads\/2024\/05\/IMG_0586-2048x1536.jpeg 2048w\" sizes=\"auto, (max-width: 1024px) 100vw, 1024px\" \/><\/figure>\n\n\n\n<figure class=\"wp-block-image size-large\"><img loading=\"lazy\" decoding=\"async\" width=\"1024\" height=\"768\" data-id=\"5230\" src=\"https:\/\/gsmulsum-kutenholz.de\/wp-content\/uploads\/2024\/05\/IMG_0587-1024x768.jpeg\" alt=\"\" class=\"wp-image-5230\" srcset=\"https:\/\/gsmulsum-kutenholz.de\/wp-content\/uploads\/2024\/05\/IMG_0587-1024x768.jpeg 1024w, https:\/\/gsmulsum-kutenholz.de\/wp-content\/uploads\/2024\/05\/IMG_0587-300x225.jpeg 300w, https:\/\/gsmulsum-kutenholz.de\/wp-content\/uploads\/2024\/05\/IMG_0587-768x576.jpeg 768w, https:\/\/gsmulsum-kutenholz.de\/wp-content\/uploads\/2024\/05\/IMG_0587-1536x1152.jpeg 1536w, https:\/\/gsmulsum-kutenholz.de\/wp-content\/uploads\/2024\/05\/IMG_0587-2048x1536.jpeg 2048w\" sizes=\"auto, (max-width: 1024px) 100vw, 1024px\" \/><\/figure>\n\n\n\n<figure class=\"wp-block-image size-large\"><img loading=\"lazy\" decoding=\"async\" width=\"1024\" height=\"768\" data-id=\"5229\" src=\"https:\/\/gsmulsum-kutenholz.de\/wp-content\/uploads\/2024\/05\/IMG_0588-1024x768.jpeg\" alt=\"\" class=\"wp-image-5229\" srcset=\"https:\/\/gsmulsum-kutenholz.de\/wp-content\/uploads\/2024\/05\/IMG_0588-1024x768.jpeg 1024w, https:\/\/gsmulsum-kutenholz.de\/wp-content\/uploads\/2024\/05\/IMG_0588-300x225.jpeg 300w, https:\/\/gsmulsum-kutenholz.de\/wp-content\/uploads\/2024\/05\/IMG_0588-768x576.jpeg 768w, https:\/\/gsmulsum-kutenholz.de\/wp-content\/uploads\/2024\/05\/IMG_0588-1536x1152.jpeg 1536w, https:\/\/gsmulsum-kutenholz.de\/wp-content\/uploads\/2024\/05\/IMG_0588-2048x1536.jpeg 2048w\" sizes=\"auto, (max-width: 1024px) 100vw, 1024px\" \/><\/figure>\n\n\n\n<figure class=\"wp-block-image size-large\"><img loading=\"lazy\" decoding=\"async\" width=\"1024\" height=\"768\" data-id=\"5232\" src=\"https:\/\/gsmulsum-kutenholz.de\/wp-content\/uploads\/2024\/05\/IMG_0589-1024x768.jpeg\" alt=\"\" class=\"wp-image-5232\" srcset=\"https:\/\/gsmulsum-kutenholz.de\/wp-content\/uploads\/2024\/05\/IMG_0589-1024x768.jpeg 1024w, https:\/\/gsmulsum-kutenholz.de\/wp-content\/uploads\/2024\/05\/IMG_0589-300x225.jpeg 300w, https:\/\/gsmulsum-kutenholz.de\/wp-content\/uploads\/2024\/05\/IMG_0589-768x576.jpeg 768w, https:\/\/gsmulsum-kutenholz.de\/wp-content\/uploads\/2024\/05\/IMG_0589-1536x1152.jpeg 1536w, https:\/\/gsmulsum-kutenholz.de\/wp-content\/uploads\/2024\/05\/IMG_0589-2048x1536.jpeg 2048w\" sizes=\"auto, (max-width: 1024px) 100vw, 1024px\" \/><\/figure>\n\n\n\n<figure class=\"wp-block-image size-large\"><img loading=\"lazy\" decoding=\"async\" width=\"1024\" height=\"768\" data-id=\"5225\" src=\"https:\/\/gsmulsum-kutenholz.de\/wp-content\/uploads\/2024\/05\/IMG_0590-1024x768.jpeg\" alt=\"\" class=\"wp-image-5225\" srcset=\"https:\/\/gsmulsum-kutenholz.de\/wp-content\/uploads\/2024\/05\/IMG_0590-1024x768.jpeg 1024w, https:\/\/gsmulsum-kutenholz.de\/wp-content\/uploads\/2024\/05\/IMG_0590-300x225.jpeg 300w, https:\/\/gsmulsum-kutenholz.de\/wp-content\/uploads\/2024\/05\/IMG_0590-768x576.jpeg 768w, https:\/\/gsmulsum-kutenholz.de\/wp-content\/uploads\/2024\/05\/IMG_0590-1536x1152.jpeg 1536w, https:\/\/gsmulsum-kutenholz.de\/wp-content\/uploads\/2024\/05\/IMG_0590-2048x1536.jpeg 2048w\" sizes=\"auto, (max-width: 1024px) 100vw, 1024px\" \/><\/figure>\n\n\n\n<figure class=\"wp-block-image size-large\"><img loading=\"lazy\" decoding=\"async\" width=\"1024\" height=\"768\" data-id=\"5226\" src=\"https:\/\/gsmulsum-kutenholz.de\/wp-content\/uploads\/2024\/05\/IMG_0591-1024x768.jpeg\" alt=\"\" class=\"wp-image-5226\" srcset=\"https:\/\/gsmulsum-kutenholz.de\/wp-content\/uploads\/2024\/05\/IMG_0591-1024x768.jpeg 1024w, https:\/\/gsmulsum-kutenholz.de\/wp-content\/uploads\/2024\/05\/IMG_0591-300x225.jpeg 300w, https:\/\/gsmulsum-kutenholz.de\/wp-content\/uploads\/2024\/05\/IMG_0591-768x576.jpeg 768w, https:\/\/gsmulsum-kutenholz.de\/wp-content\/uploads\/2024\/05\/IMG_0591-1536x1152.jpeg 1536w, https:\/\/gsmulsum-kutenholz.de\/wp-content\/uploads\/2024\/05\/IMG_0591-2048x1536.jpeg 2048w\" sizes=\"auto, (max-width: 1024px) 100vw, 1024px\" \/><\/figure>\n\n\n\n<figure class=\"wp-block-image size-large\"><img loading=\"lazy\" decoding=\"async\" width=\"1024\" height=\"768\" data-id=\"5231\" src=\"https:\/\/gsmulsum-kutenholz.de\/wp-content\/uploads\/2024\/05\/IMG_0592-1024x768.jpeg\" alt=\"\" class=\"wp-image-5231\" srcset=\"https:\/\/gsmulsum-kutenholz.de\/wp-content\/uploads\/2024\/05\/IMG_0592-1024x768.jpeg 1024w, https:\/\/gsmulsum-kutenholz.de\/wp-content\/uploads\/2024\/05\/IMG_0592-300x225.jpeg 300w, https:\/\/gsmulsum-kutenholz.de\/wp-content\/uploads\/2024\/05\/IMG_0592-768x576.jpeg 768w, https:\/\/gsmulsum-kutenholz.de\/wp-content\/uploads\/2024\/05\/IMG_0592-1536x1152.jpeg 1536w, https:\/\/gsmulsum-kutenholz.de\/wp-content\/uploads\/2024\/05\/IMG_0592-2048x1536.jpeg 2048w\" sizes=\"auto, (max-width: 1024px) 100vw, 1024px\" \/><\/figure>\n\n\n\n<figure class=\"wp-block-image size-large\"><img loading=\"lazy\" decoding=\"async\" width=\"1024\" height=\"768\" data-id=\"5228\" src=\"https:\/\/gsmulsum-kutenholz.de\/wp-content\/uploads\/2024\/05\/IMG_0593-1024x768.jpeg\" alt=\"\" class=\"wp-image-5228\" srcset=\"https:\/\/gsmulsum-kutenholz.de\/wp-content\/uploads\/2024\/05\/IMG_0593-1024x768.jpeg 1024w, https:\/\/gsmulsum-kutenholz.de\/wp-content\/uploads\/2024\/05\/IMG_0593-300x225.jpeg 300w, https:\/\/gsmulsum-kutenholz.de\/wp-content\/uploads\/2024\/05\/IMG_0593-768x576.jpeg 768w, https:\/\/gsmulsum-kutenholz.de\/wp-content\/uploads\/2024\/05\/IMG_0593-1536x1152.jpeg 1536w, https:\/\/gsmulsum-kutenholz.de\/wp-content\/uploads\/2024\/05\/IMG_0593-2048x1536.jpeg 2048w\" sizes=\"auto, (max-width: 1024px) 100vw, 1024px\" \/><\/figure>\n<\/figure>\n","protected":false},"excerpt":{"rendered":"<p>Seit mehreren Jahren findet an unserer Schule gegen Ende des 4. Schuljahres ein Erste Hilfe Lehrgang f\u00fcr die Sch\u00fclerinnen und Sch\u00fcler statt. Er wird organisiert vom Mulsumer DRK Ortsverband. Am 07. Mai lernten die Kinder Wunden zu versorgen und Verb\u00e4nde anzulegen. Nat\u00fcrlich lie\u00dfen viele Sch\u00fclerinnen und Sch\u00fcler die Verb\u00e4nde an ihrem Kopf, Arm oder Bein, [&hellip;]<\/p>\n","protected":false},"author":2,"featured_media":2502,"comment_status":"open","ping_status":"open","sticky":false,"template":"","format":"standard","meta":{"ngg_post_thumbnail":0,"footnotes":""},"categories":[5],"tags":[],"class_list":["post-2494","post","type-post","status-publish","format-standard","has-post-thumbnail","hentry","category-neuigkeiten"],"yoast_head":"<!-- This site is optimized with the Yoast SEO plugin v27.4 - https:\/\/yoast.com\/product\/yoast-seo-wordpress\/ -->\n<title>Erste Hilfe Lehrgang f\u00fcr die vierten Klassen - Grundschule Mulsum - Kutenholz<\/title>\n<meta name=\"robots\" content=\"index, follow, max-snippet:-1, max-image-preview:large, max-video-preview:-1\" \/>\n<link rel=\"canonical\" href=\"https:\/\/gsmulsum-kutenholz.de\/?p=2494\" \/>\n<meta property=\"og:locale\" content=\"de_DE\" \/>\n<meta property=\"og:type\" content=\"article\" \/>\n<meta property=\"og:title\" content=\"Erste Hilfe Lehrgang f\u00fcr die vierten Klassen - Grundschule Mulsum - Kutenholz\" \/>\n<meta property=\"og:description\" content=\"Seit mehreren Jahren findet an unserer Schule gegen Ende des 4. Schuljahres ein Erste Hilfe Lehrgang f\u00fcr die Sch\u00fclerinnen und Sch\u00fcler statt. Er wird organisiert vom Mulsumer DRK Ortsverband. Am 07. Mai lernten die Kinder Wunden zu versorgen und Verb\u00e4nde anzulegen. Nat\u00fcrlich lie\u00dfen viele Sch\u00fclerinnen und Sch\u00fcler die Verb\u00e4nde an ihrem Kopf, Arm oder Bein, [&hellip;]\" \/>\n<meta property=\"og:url\" content=\"https:\/\/gsmulsum-kutenholz.de\/?p=2494\" \/>\n<meta property=\"og:site_name\" content=\"Grundschule Mulsum - Kutenholz\" \/>\n<meta property=\"article:published_time\" content=\"2025-05-07T11:26:00+00:00\" \/>\n<meta property=\"og:image\" content=\"https:\/\/gsmulsum-kutenholz.de\/wp-content\/uploads\/2019\/05\/DRK.png\" \/>\n\t<meta property=\"og:image:width\" content=\"288\" \/>\n\t<meta property=\"og:image:height\" content=\"257\" \/>\n\t<meta property=\"og:image:type\" content=\"image\/png\" \/>\n<meta name=\"author\" content=\"StR\" \/>\n<meta name=\"twitter:card\" content=\"summary_large_image\" \/>\n<meta name=\"twitter:label1\" content=\"Verfasst von\" \/>\n\t<meta name=\"twitter:data1\" content=\"StR\" \/>\n\t<meta name=\"twitter:label2\" content=\"Gesch\u00e4tzte Lesezeit\" \/>\n\t<meta name=\"twitter:data2\" content=\"1\u00a0Minute\" \/>\n<script type=\"application\/ld+json\" class=\"yoast-schema-graph\">{\"@context\":\"https:\\\/\\\/schema.org\",\"@graph\":[{\"@type\":\"Article\",\"@id\":\"https:\\\/\\\/gsmulsum-kutenholz.de\\\/?p=2494#article\",\"isPartOf\":{\"@id\":\"https:\\\/\\\/gsmulsum-kutenholz.de\\\/?p=2494\"},\"author\":{\"name\":\"StR\",\"@id\":\"https:\\\/\\\/gsmulsum-kutenholz.de\\\/#\\\/schema\\\/person\\\/9392f9926f5b3febd93e4d9faad95a36\"},\"headline\":\"Erste Hilfe Lehrgang f\u00fcr die vierten Klassen\",\"datePublished\":\"2025-05-07T11:26:00+00:00\",\"mainEntityOfPage\":{\"@id\":\"https:\\\/\\\/gsmulsum-kutenholz.de\\\/?p=2494\"},\"wordCount\":139,\"commentCount\":0,\"image\":{\"@id\":\"https:\\\/\\\/gsmulsum-kutenholz.de\\\/?p=2494#primaryimage\"},\"thumbnailUrl\":\"https:\\\/\\\/gsmulsum-kutenholz.de\\\/wp-content\\\/uploads\\\/2019\\\/05\\\/DRK.png\",\"articleSection\":[\"Neuigkeiten\"],\"inLanguage\":\"de\",\"potentialAction\":[{\"@type\":\"CommentAction\",\"name\":\"Comment\",\"target\":[\"https:\\\/\\\/gsmulsum-kutenholz.de\\\/?p=2494#respond\"]}]},{\"@type\":\"WebPage\",\"@id\":\"https:\\\/\\\/gsmulsum-kutenholz.de\\\/?p=2494\",\"url\":\"https:\\\/\\\/gsmulsum-kutenholz.de\\\/?p=2494\",\"name\":\"Erste Hilfe Lehrgang f\u00fcr die vierten Klassen - Grundschule Mulsum - Kutenholz\",\"isPartOf\":{\"@id\":\"https:\\\/\\\/gsmulsum-kutenholz.de\\\/#website\"},\"primaryImageOfPage\":{\"@id\":\"https:\\\/\\\/gsmulsum-kutenholz.de\\\/?p=2494#primaryimage\"},\"image\":{\"@id\":\"https:\\\/\\\/gsmulsum-kutenholz.de\\\/?p=2494#primaryimage\"},\"thumbnailUrl\":\"https:\\\/\\\/gsmulsum-kutenholz.de\\\/wp-content\\\/uploads\\\/2019\\\/05\\\/DRK.png\",\"datePublished\":\"2025-05-07T11:26:00+00:00\",\"author\":{\"@id\":\"https:\\\/\\\/gsmulsum-kutenholz.de\\\/#\\\/schema\\\/person\\\/9392f9926f5b3febd93e4d9faad95a36\"},\"breadcrumb\":{\"@id\":\"https:\\\/\\\/gsmulsum-kutenholz.de\\\/?p=2494#breadcrumb\"},\"inLanguage\":\"de\",\"potentialAction\":[{\"@type\":\"ReadAction\",\"target\":[\"https:\\\/\\\/gsmulsum-kutenholz.de\\\/?p=2494\"]}]},{\"@type\":\"ImageObject\",\"inLanguage\":\"de\",\"@id\":\"https:\\\/\\\/gsmulsum-kutenholz.de\\\/?p=2494#primaryimage\",\"url\":\"https:\\\/\\\/gsmulsum-kutenholz.de\\\/wp-content\\\/uploads\\\/2019\\\/05\\\/DRK.png\",\"contentUrl\":\"https:\\\/\\\/gsmulsum-kutenholz.de\\\/wp-content\\\/uploads\\\/2019\\\/05\\\/DRK.png\",\"width\":288,\"height\":257},{\"@type\":\"BreadcrumbList\",\"@id\":\"https:\\\/\\\/gsmulsum-kutenholz.de\\\/?p=2494#breadcrumb\",\"itemListElement\":[{\"@type\":\"ListItem\",\"position\":1,\"name\":\"Start\",\"item\":\"https:\\\/\\\/gsmulsum-kutenholz.de\\\/\"},{\"@type\":\"ListItem\",\"position\":2,\"name\":\"Erste Hilfe Lehrgang f\u00fcr die vierten Klassen\"}]},{\"@type\":\"WebSite\",\"@id\":\"https:\\\/\\\/gsmulsum-kutenholz.de\\\/#website\",\"url\":\"https:\\\/\\\/gsmulsum-kutenholz.de\\\/\",\"name\":\"Grundschule Mulsum - Kutenholz\",\"description\":\"\",\"potentialAction\":[{\"@type\":\"SearchAction\",\"target\":{\"@type\":\"EntryPoint\",\"urlTemplate\":\"https:\\\/\\\/gsmulsum-kutenholz.de\\\/?s={search_term_string}\"},\"query-input\":{\"@type\":\"PropertyValueSpecification\",\"valueRequired\":true,\"valueName\":\"search_term_string\"}}],\"inLanguage\":\"de\"},{\"@type\":\"Person\",\"@id\":\"https:\\\/\\\/gsmulsum-kutenholz.de\\\/#\\\/schema\\\/person\\\/9392f9926f5b3febd93e4d9faad95a36\",\"name\":\"StR\",\"image\":{\"@type\":\"ImageObject\",\"inLanguage\":\"de\",\"@id\":\"https:\\\/\\\/secure.gravatar.com\\\/avatar\\\/0f83786356390a9b9f34eec58b2e212e708162c990f07d5dd21c9104fcf44663?s=96&d=mm&r=g\",\"url\":\"https:\\\/\\\/secure.gravatar.com\\\/avatar\\\/0f83786356390a9b9f34eec58b2e212e708162c990f07d5dd21c9104fcf44663?s=96&d=mm&r=g\",\"contentUrl\":\"https:\\\/\\\/secure.gravatar.com\\\/avatar\\\/0f83786356390a9b9f34eec58b2e212e708162c990f07d5dd21c9104fcf44663?s=96&d=mm&r=g\",\"caption\":\"StR\"},\"url\":\"https:\\\/\\\/gsmulsum-kutenholz.de\\\/?author=2\"}]}<\/script>\n<!-- \/ Yoast SEO plugin. -->","yoast_head_json":{"title":"Erste Hilfe Lehrgang f\u00fcr die vierten Klassen - Grundschule Mulsum - Kutenholz","robots":{"index":"index","follow":"follow","max-snippet":"max-snippet:-1","max-image-preview":"max-image-preview:large","max-video-preview":"max-video-preview:-1"},"canonical":"https:\/\/gsmulsum-kutenholz.de\/?p=2494","og_locale":"de_DE","og_type":"article","og_title":"Erste Hilfe Lehrgang f\u00fcr die vierten Klassen - Grundschule Mulsum - Kutenholz","og_description":"Seit mehreren Jahren findet an unserer Schule gegen Ende des 4. Schuljahres ein Erste Hilfe Lehrgang f\u00fcr die Sch\u00fclerinnen und Sch\u00fcler statt. Er wird organisiert vom Mulsumer DRK Ortsverband. Am 07. Mai lernten die Kinder Wunden zu versorgen und Verb\u00e4nde anzulegen. Nat\u00fcrlich lie\u00dfen viele Sch\u00fclerinnen und Sch\u00fcler die Verb\u00e4nde an ihrem Kopf, Arm oder Bein, [&hellip;]","og_url":"https:\/\/gsmulsum-kutenholz.de\/?p=2494","og_site_name":"Grundschule Mulsum - Kutenholz","article_published_time":"2025-05-07T11:26:00+00:00","og_image":[{"width":288,"height":257,"url":"https:\/\/gsmulsum-kutenholz.de\/wp-content\/uploads\/2019\/05\/DRK.png","type":"image\/png"}],"author":"StR","twitter_card":"summary_large_image","twitter_misc":{"Verfasst von":"StR","Gesch\u00e4tzte Lesezeit":"1\u00a0Minute"},"schema":{"@context":"https:\/\/schema.org","@graph":[{"@type":"Article","@id":"https:\/\/gsmulsum-kutenholz.de\/?p=2494#article","isPartOf":{"@id":"https:\/\/gsmulsum-kutenholz.de\/?p=2494"},"author":{"name":"StR","@id":"https:\/\/gsmulsum-kutenholz.de\/#\/schema\/person\/9392f9926f5b3febd93e4d9faad95a36"},"headline":"Erste Hilfe Lehrgang f\u00fcr die vierten Klassen","datePublished":"2025-05-07T11:26:00+00:00","mainEntityOfPage":{"@id":"https:\/\/gsmulsum-kutenholz.de\/?p=2494"},"wordCount":139,"commentCount":0,"image":{"@id":"https:\/\/gsmulsum-kutenholz.de\/?p=2494#primaryimage"},"thumbnailUrl":"https:\/\/gsmulsum-kutenholz.de\/wp-content\/uploads\/2019\/05\/DRK.png","articleSection":["Neuigkeiten"],"inLanguage":"de","potentialAction":[{"@type":"CommentAction","name":"Comment","target":["https:\/\/gsmulsum-kutenholz.de\/?p=2494#respond"]}]},{"@type":"WebPage","@id":"https:\/\/gsmulsum-kutenholz.de\/?p=2494","url":"https:\/\/gsmulsum-kutenholz.de\/?p=2494","name":"Erste Hilfe Lehrgang f\u00fcr die vierten Klassen - Grundschule Mulsum - Kutenholz","isPartOf":{"@id":"https:\/\/gsmulsum-kutenholz.de\/#website"},"primaryImageOfPage":{"@id":"https:\/\/gsmulsum-kutenholz.de\/?p=2494#primaryimage"},"image":{"@id":"https:\/\/gsmulsum-kutenholz.de\/?p=2494#primaryimage"},"thumbnailUrl":"https:\/\/gsmulsum-kutenholz.de\/wp-content\/uploads\/2019\/05\/DRK.png","datePublished":"2025-05-07T11:26:00+00:00","author":{"@id":"https:\/\/gsmulsum-kutenholz.de\/#\/schema\/person\/9392f9926f5b3febd93e4d9faad95a36"},"breadcrumb":{"@id":"https:\/\/gsmulsum-kutenholz.de\/?p=2494#breadcrumb"},"inLanguage":"de","potentialAction":[{"@type":"ReadAction","target":["https:\/\/gsmulsum-kutenholz.de\/?p=2494"]}]},{"@type":"ImageObject","inLanguage":"de","@id":"https:\/\/gsmulsum-kutenholz.de\/?p=2494#primaryimage","url":"https:\/\/gsmulsum-kutenholz.de\/wp-content\/uploads\/2019\/05\/DRK.png","contentUrl":"https:\/\/gsmulsum-kutenholz.de\/wp-content\/uploads\/2019\/05\/DRK.png","width":288,"height":257},{"@type":"BreadcrumbList","@id":"https:\/\/gsmulsum-kutenholz.de\/?p=2494#breadcrumb","itemListElement":[{"@type":"ListItem","position":1,"name":"Start","item":"https:\/\/gsmulsum-kutenholz.de\/"},{"@type":"ListItem","position":2,"name":"Erste Hilfe Lehrgang f\u00fcr die vierten Klassen"}]},{"@type":"WebSite","@id":"https:\/\/gsmulsum-kutenholz.de\/#website","url":"https:\/\/gsmulsum-kutenholz.de\/","name":"Grundschule Mulsum - Kutenholz","description":"","potentialAction":[{"@type":"SearchAction","target":{"@type":"EntryPoint","urlTemplate":"https:\/\/gsmulsum-kutenholz.de\/?s={search_term_string}"},"query-input":{"@type":"PropertyValueSpecification","valueRequired":true,"valueName":"search_term_string"}}],"inLanguage":"de"},{"@type":"Person","@id":"https:\/\/gsmulsum-kutenholz.de\/#\/schema\/person\/9392f9926f5b3febd93e4d9faad95a36","name":"StR","image":{"@type":"ImageObject","inLanguage":"de","@id":"https:\/\/secure.gravatar.com\/avatar\/0f83786356390a9b9f34eec58b2e212e708162c990f07d5dd21c9104fcf44663?s=96&d=mm&r=g","url":"https:\/\/secure.gravatar.com\/avatar\/0f83786356390a9b9f34eec58b2e212e708162c990f07d5dd21c9104fcf44663?s=96&d=mm&r=g","contentUrl":"https:\/\/secure.gravatar.com\/avatar\/0f83786356390a9b9f34eec58b2e212e708162c990f07d5dd21c9104fcf44663?s=96&d=mm&r=g","caption":"StR"},"url":"https:\/\/gsmulsum-kutenholz.de\/?author=2"}]}},"_links":{"self":[{"href":"https:\/\/gsmulsum-kutenholz.de\/index.php?rest_route=\/wp\/v2\/posts\/2494","targetHints":{"allow":["GET"]}}],"collection":[{"href":"https:\/\/gsmulsum-kutenholz.de\/index.php?rest_route=\/wp\/v2\/posts"}],"about":[{"href":"https:\/\/gsmulsum-kutenholz.de\/index.php?rest_route=\/wp\/v2\/types\/post"}],"author":[{"embeddable":true,"href":"https:\/\/gsmulsum-kutenholz.de\/index.php?rest_route=\/wp\/v2\/users\/2"}],"replies":[{"embeddable":true,"href":"https:\/\/gsmulsum-kutenholz.de\/index.php?rest_route=%2Fwp%2Fv2%2Fcomments&post=2494"}],"version-history":[{"count":13,"href":"https:\/\/gsmulsum-kutenholz.de\/index.php?rest_route=\/wp\/v2\/posts\/2494\/revisions"}],"predecessor-version":[{"id":5233,"href":"https:\/\/gsmulsum-kutenholz.de\/index.php?rest_route=\/wp\/v2\/posts\/2494\/revisions\/5233"}],"wp:featuredmedia":[{"embeddable":true,"href":"https:\/\/gsmulsum-kutenholz.de\/index.php?rest_route=\/wp\/v2\/media\/2502"}],"wp:attachment":[{"href":"https:\/\/gsmulsum-kutenholz.de\/index.php?rest_route=%2Fwp%2Fv2%2Fmedia&parent=2494"}],"wp:term":[{"taxonomy":"category","embeddable":true,"href":"https:\/\/gsmulsum-kutenholz.de\/index.php?rest_route=%2Fwp%2Fv2%2Fcategories&post=2494"},{"taxonomy":"post_tag","embeddable":true,"href":"https:\/\/gsmulsum-kutenholz.de\/index.php?rest_route=%2Fwp%2Fv2%2Ftags&post=2494"}],"curies":[{"name":"wp","href":"https:\/\/api.w.org\/{rel}","templated":true}]}}