{"id":2790,"date":"2025-11-21T10:50:00","date_gmt":"2025-11-21T08:50:00","guid":{"rendered":"http:\/\/gsmulsum-kutenholz.de\/?p=2790"},"modified":"2025-11-21T12:00:58","modified_gmt":"2025-11-21T10:00:58","slug":"der-bundesweite-vorlesetag-deutschlands-groesstes-vorlesefest-seit-2004","status":"publish","type":"post","link":"https:\/\/gsmulsum-kutenholz.de\/?p=2790","title":{"rendered":"Der Bundesweite Vorlesetag Deutschlands gr\u00f6\u00dftes Vorlesefest seit 2004"},"content":{"rendered":"\n<h3 class=\"wp-block-heading\">Ein Zeichen f\u00fcr das Vorlesen setzen<\/h3>\n\n\n\n<p class=\"has-medium-font-size\">2004 haben DIE ZEIT, Stiftung Lesen und Deutsche Bahn Stiftung den Bundesweiten Vorlesetag ins Leben gerufen. Unser Ziel: Ein Zeichen f\u00fcr die Bedeutung des Vorlesens zu setzen. Am Anfang waren es gerade einmal rund 1.900 Menschen, die sich beteiligt haben. Mittlerweile ist die Zahl der Vorlesenden und Zuh\u00f6renden pro Jahr auf rund 800.000 angewachsen.<\/p>\n\n\n\n<p>QUELLE: https:\/\/www.stiftunglesen.de\/vorlesetag<\/p>\n\n\n\n<p class=\"has-medium-font-size\"><strong>Die Grundschule Mulsum-Kutenholz war auch in diesem Jahr wieder dabei. Wir bedanken uns bei allen Vorleserinnen und Vorlesern f\u00fcr die Unterst\u00fctzung!<\/strong><\/p>\n\n\n\n<figure class=\"wp-block-image size-large\"><img loading=\"lazy\" decoding=\"async\" width=\"1024\" height=\"576\" src=\"https:\/\/gsmulsum-kutenholz.de\/wp-content\/uploads\/2025\/11\/7550CAAF-D762-426E-8DB7-3232FAFA9282-1024x576.jpeg\" alt=\"\" class=\"wp-image-5343\" srcset=\"https:\/\/gsmulsum-kutenholz.de\/wp-content\/uploads\/2025\/11\/7550CAAF-D762-426E-8DB7-3232FAFA9282-1024x576.jpeg 1024w, https:\/\/gsmulsum-kutenholz.de\/wp-content\/uploads\/2025\/11\/7550CAAF-D762-426E-8DB7-3232FAFA9282-300x169.jpeg 300w, https:\/\/gsmulsum-kutenholz.de\/wp-content\/uploads\/2025\/11\/7550CAAF-D762-426E-8DB7-3232FAFA9282-768x432.jpeg 768w, https:\/\/gsmulsum-kutenholz.de\/wp-content\/uploads\/2025\/11\/7550CAAF-D762-426E-8DB7-3232FAFA9282-1536x864.jpeg 1536w, https:\/\/gsmulsum-kutenholz.de\/wp-content\/uploads\/2025\/11\/7550CAAF-D762-426E-8DB7-3232FAFA9282-2048x1153.jpeg 2048w\" sizes=\"auto, (max-width: 1024px) 100vw, 1024px\" \/><\/figure>\n\n\n\n<p>gleich geht es los <\/p>\n\n\n\n<figure class=\"wp-block-image size-large\"><img loading=\"lazy\" decoding=\"async\" width=\"768\" height=\"1024\" src=\"https:\/\/gsmulsum-kutenholz.de\/wp-content\/uploads\/2025\/11\/1F08340B-768B-458C-A176-C28BD9F03DBE-768x1024.jpeg\" alt=\"\" class=\"wp-image-5354\" srcset=\"https:\/\/gsmulsum-kutenholz.de\/wp-content\/uploads\/2025\/11\/1F08340B-768B-458C-A176-C28BD9F03DBE-768x1024.jpeg 768w, https:\/\/gsmulsum-kutenholz.de\/wp-content\/uploads\/2025\/11\/1F08340B-768B-458C-A176-C28BD9F03DBE-225x300.jpeg 225w, https:\/\/gsmulsum-kutenholz.de\/wp-content\/uploads\/2025\/11\/1F08340B-768B-458C-A176-C28BD9F03DBE-1152x1536.jpeg 1152w, https:\/\/gsmulsum-kutenholz.de\/wp-content\/uploads\/2025\/11\/1F08340B-768B-458C-A176-C28BD9F03DBE-1536x2048.jpeg 1536w, https:\/\/gsmulsum-kutenholz.de\/wp-content\/uploads\/2025\/11\/1F08340B-768B-458C-A176-C28BD9F03DBE-rotated.jpeg 1875w\" sizes=\"auto, (max-width: 768px) 100vw, 768px\" \/><\/figure>\n\n\n\n<p>alles vorbereitet und die Spannung steigt <\/p>\n\n\n\n<figure class=\"wp-block-image size-large\"><img loading=\"lazy\" decoding=\"async\" width=\"768\" height=\"1024\" src=\"https:\/\/gsmulsum-kutenholz.de\/wp-content\/uploads\/2025\/11\/D4852F08-67DB-466D-9A65-58B58AB420C0-768x1024.jpeg\" alt=\"\" class=\"wp-image-5348\" srcset=\"https:\/\/gsmulsum-kutenholz.de\/wp-content\/uploads\/2025\/11\/D4852F08-67DB-466D-9A65-58B58AB420C0-768x1024.jpeg 768w, https:\/\/gsmulsum-kutenholz.de\/wp-content\/uploads\/2025\/11\/D4852F08-67DB-466D-9A65-58B58AB420C0-225x300.jpeg 225w, https:\/\/gsmulsum-kutenholz.de\/wp-content\/uploads\/2025\/11\/D4852F08-67DB-466D-9A65-58B58AB420C0-1152x1536.jpeg 1152w, https:\/\/gsmulsum-kutenholz.de\/wp-content\/uploads\/2025\/11\/D4852F08-67DB-466D-9A65-58B58AB420C0-1536x2048.jpeg 1536w, https:\/\/gsmulsum-kutenholz.de\/wp-content\/uploads\/2025\/11\/D4852F08-67DB-466D-9A65-58B58AB420C0-rotated.jpeg 1875w\" sizes=\"auto, (max-width: 768px) 100vw, 768px\" \/><\/figure>\n\n\n\n<p>Endlich sind die Eltern, Gro\u00dfeltern und die anderen flei\u00dfigen VorleserInnen da und nach einem kleinen Lied kann es losgehen!<\/p>\n\n\n\n<figure class=\"wp-block-image size-large is-resized\"><img loading=\"lazy\" decoding=\"async\" width=\"768\" height=\"1024\" src=\"https:\/\/gsmulsum-kutenholz.de\/wp-content\/uploads\/2025\/11\/22A1852C-4DCC-4309-ADD1-B990C43FC66D-768x1024.jpeg\" alt=\"\" class=\"wp-image-5357\" style=\"width:840px;height:auto\" srcset=\"https:\/\/gsmulsum-kutenholz.de\/wp-content\/uploads\/2025\/11\/22A1852C-4DCC-4309-ADD1-B990C43FC66D-768x1024.jpeg 768w, https:\/\/gsmulsum-kutenholz.de\/wp-content\/uploads\/2025\/11\/22A1852C-4DCC-4309-ADD1-B990C43FC66D-225x300.jpeg 225w, https:\/\/gsmulsum-kutenholz.de\/wp-content\/uploads\/2025\/11\/22A1852C-4DCC-4309-ADD1-B990C43FC66D-1152x1536.jpeg 1152w, https:\/\/gsmulsum-kutenholz.de\/wp-content\/uploads\/2025\/11\/22A1852C-4DCC-4309-ADD1-B990C43FC66D-1536x2048.jpeg 1536w, https:\/\/gsmulsum-kutenholz.de\/wp-content\/uploads\/2025\/11\/22A1852C-4DCC-4309-ADD1-B990C43FC66D-rotated.jpeg 1875w\" sizes=\"auto, (max-width: 768px) 100vw, 768px\" \/><\/figure>\n\n\n\n<p>Bereits der erste Titel l\u00e4sst uns gruseln!<\/p>\n\n\n\n<figure class=\"wp-block-image size-large\"><img loading=\"lazy\" decoding=\"async\" width=\"768\" height=\"1024\" src=\"https:\/\/gsmulsum-kutenholz.de\/wp-content\/uploads\/2025\/11\/2A465BA0-F186-434B-ADEF-DFBBE200B2FD-768x1024.jpeg\" alt=\"\" class=\"wp-image-5355\" srcset=\"https:\/\/gsmulsum-kutenholz.de\/wp-content\/uploads\/2025\/11\/2A465BA0-F186-434B-ADEF-DFBBE200B2FD-768x1024.jpeg 768w, https:\/\/gsmulsum-kutenholz.de\/wp-content\/uploads\/2025\/11\/2A465BA0-F186-434B-ADEF-DFBBE200B2FD-225x300.jpeg 225w, https:\/\/gsmulsum-kutenholz.de\/wp-content\/uploads\/2025\/11\/2A465BA0-F186-434B-ADEF-DFBBE200B2FD-1152x1536.jpeg 1152w, https:\/\/gsmulsum-kutenholz.de\/wp-content\/uploads\/2025\/11\/2A465BA0-F186-434B-ADEF-DFBBE200B2FD-1536x2048.jpeg 1536w, https:\/\/gsmulsum-kutenholz.de\/wp-content\/uploads\/2025\/11\/2A465BA0-F186-434B-ADEF-DFBBE200B2FD-rotated.jpeg 1875w\" sizes=\"auto, (max-width: 768px) 100vw, 768px\" \/><\/figure>\n\n\n\n<p>Was sich wohl hinter dem Kasten versteckt?<\/p>\n\n\n\n<figure class=\"wp-block-image size-large\"><img loading=\"lazy\" decoding=\"async\" width=\"768\" height=\"1024\" src=\"https:\/\/gsmulsum-kutenholz.de\/wp-content\/uploads\/2025\/11\/C6A8B2F8-49BD-4F7E-AD40-42AD2471790D-768x1024.jpeg\" alt=\"\" class=\"wp-image-5347\" srcset=\"https:\/\/gsmulsum-kutenholz.de\/wp-content\/uploads\/2025\/11\/C6A8B2F8-49BD-4F7E-AD40-42AD2471790D-768x1024.jpeg 768w, https:\/\/gsmulsum-kutenholz.de\/wp-content\/uploads\/2025\/11\/C6A8B2F8-49BD-4F7E-AD40-42AD2471790D-225x300.jpeg 225w, https:\/\/gsmulsum-kutenholz.de\/wp-content\/uploads\/2025\/11\/C6A8B2F8-49BD-4F7E-AD40-42AD2471790D-1152x1536.jpeg 1152w, https:\/\/gsmulsum-kutenholz.de\/wp-content\/uploads\/2025\/11\/C6A8B2F8-49BD-4F7E-AD40-42AD2471790D-1536x2048.jpeg 1536w, https:\/\/gsmulsum-kutenholz.de\/wp-content\/uploads\/2025\/11\/C6A8B2F8-49BD-4F7E-AD40-42AD2471790D-rotated.jpeg 1875w\" sizes=\"auto, (max-width: 768px) 100vw, 768px\" \/><\/figure>\n\n\n\n<p>Rumpel pers\u00f6nlich ist heute hier zu Gast!<\/p>\n\n\n\n<figure class=\"wp-block-image size-large\"><img loading=\"lazy\" decoding=\"async\" width=\"768\" height=\"1024\" src=\"https:\/\/gsmulsum-kutenholz.de\/wp-content\/uploads\/2025\/11\/A64534BE-07A9-487D-8BC1-72E56C46CD9C-768x1024.jpeg\" alt=\"\" class=\"wp-image-5345\" srcset=\"https:\/\/gsmulsum-kutenholz.de\/wp-content\/uploads\/2025\/11\/A64534BE-07A9-487D-8BC1-72E56C46CD9C-768x1024.jpeg 768w, https:\/\/gsmulsum-kutenholz.de\/wp-content\/uploads\/2025\/11\/A64534BE-07A9-487D-8BC1-72E56C46CD9C-225x300.jpeg 225w, https:\/\/gsmulsum-kutenholz.de\/wp-content\/uploads\/2025\/11\/A64534BE-07A9-487D-8BC1-72E56C46CD9C-1152x1536.jpeg 1152w, https:\/\/gsmulsum-kutenholz.de\/wp-content\/uploads\/2025\/11\/A64534BE-07A9-487D-8BC1-72E56C46CD9C-1536x2048.jpeg 1536w, https:\/\/gsmulsum-kutenholz.de\/wp-content\/uploads\/2025\/11\/A64534BE-07A9-487D-8BC1-72E56C46CD9C-rotated.jpeg 1875w\" sizes=\"auto, (max-width: 768px) 100vw, 768px\" \/><\/figure>\n\n\n\n<p>Er ist aber ein freundlicher Geist und hat sogar noch eine \u00dcberraschung mitgebracht! <\/p>\n\n\n\n<figure class=\"wp-block-image size-large\"><img loading=\"lazy\" decoding=\"async\" width=\"768\" height=\"1024\" src=\"https:\/\/gsmulsum-kutenholz.de\/wp-content\/uploads\/2025\/11\/499B147A-CC57-4DDF-AB9D-A1ED4555F32D-768x1024.jpeg\" alt=\"\" class=\"wp-image-5342\" srcset=\"https:\/\/gsmulsum-kutenholz.de\/wp-content\/uploads\/2025\/11\/499B147A-CC57-4DDF-AB9D-A1ED4555F32D-768x1024.jpeg 768w, https:\/\/gsmulsum-kutenholz.de\/wp-content\/uploads\/2025\/11\/499B147A-CC57-4DDF-AB9D-A1ED4555F32D-225x300.jpeg 225w, https:\/\/gsmulsum-kutenholz.de\/wp-content\/uploads\/2025\/11\/499B147A-CC57-4DDF-AB9D-A1ED4555F32D-1152x1536.jpeg 1152w, https:\/\/gsmulsum-kutenholz.de\/wp-content\/uploads\/2025\/11\/499B147A-CC57-4DDF-AB9D-A1ED4555F32D-1536x2048.jpeg 1536w, https:\/\/gsmulsum-kutenholz.de\/wp-content\/uploads\/2025\/11\/499B147A-CC57-4DDF-AB9D-A1ED4555F32D-rotated.jpeg 1875w\" sizes=\"auto, (max-width: 768px) 100vw, 768px\" \/><\/figure>\n\n\n\n<p>Geschichten, die immer wieder begeistern,<\/p>\n\n\n\n<figure class=\"wp-block-image size-large\"><img loading=\"lazy\" decoding=\"async\" width=\"768\" height=\"1024\" src=\"https:\/\/gsmulsum-kutenholz.de\/wp-content\/uploads\/2025\/11\/DE6EBEAC-ED71-4899-A847-3926AACA23DF-768x1024.jpeg\" alt=\"\" class=\"wp-image-5349\" srcset=\"https:\/\/gsmulsum-kutenholz.de\/wp-content\/uploads\/2025\/11\/DE6EBEAC-ED71-4899-A847-3926AACA23DF-768x1024.jpeg 768w, https:\/\/gsmulsum-kutenholz.de\/wp-content\/uploads\/2025\/11\/DE6EBEAC-ED71-4899-A847-3926AACA23DF-225x300.jpeg 225w, https:\/\/gsmulsum-kutenholz.de\/wp-content\/uploads\/2025\/11\/DE6EBEAC-ED71-4899-A847-3926AACA23DF-1152x1536.jpeg 1152w, https:\/\/gsmulsum-kutenholz.de\/wp-content\/uploads\/2025\/11\/DE6EBEAC-ED71-4899-A847-3926AACA23DF-1536x2048.jpeg 1536w, https:\/\/gsmulsum-kutenholz.de\/wp-content\/uploads\/2025\/11\/DE6EBEAC-ED71-4899-A847-3926AACA23DF-rotated.jpeg 1875w\" sizes=\"auto, (max-width: 768px) 100vw, 768px\" \/><\/figure>\n\n\n\n<p>zum Schmunzeln anregen,<\/p>\n\n\n\n<figure class=\"wp-block-image size-large\"><img loading=\"lazy\" decoding=\"async\" width=\"768\" height=\"1024\" src=\"https:\/\/gsmulsum-kutenholz.de\/wp-content\/uploads\/2025\/11\/0AFF11FB-B17B-4341-A362-09A815F80A68-768x1024.jpeg\" alt=\"\" class=\"wp-image-5353\" srcset=\"https:\/\/gsmulsum-kutenholz.de\/wp-content\/uploads\/2025\/11\/0AFF11FB-B17B-4341-A362-09A815F80A68-768x1024.jpeg 768w, https:\/\/gsmulsum-kutenholz.de\/wp-content\/uploads\/2025\/11\/0AFF11FB-B17B-4341-A362-09A815F80A68-225x300.jpeg 225w, https:\/\/gsmulsum-kutenholz.de\/wp-content\/uploads\/2025\/11\/0AFF11FB-B17B-4341-A362-09A815F80A68-1152x1536.jpeg 1152w, https:\/\/gsmulsum-kutenholz.de\/wp-content\/uploads\/2025\/11\/0AFF11FB-B17B-4341-A362-09A815F80A68-1536x2048.jpeg 1536w, https:\/\/gsmulsum-kutenholz.de\/wp-content\/uploads\/2025\/11\/0AFF11FB-B17B-4341-A362-09A815F80A68-rotated.jpeg 1875w\" sizes=\"auto, (max-width: 768px) 100vw, 768px\" \/><\/figure>\n\n\n\n<p>\u00fcber verr\u00fcckte Dinge erz\u00e4hlen<\/p>\n\n\n\n<figure class=\"wp-block-image size-large\"><img loading=\"lazy\" decoding=\"async\" width=\"768\" height=\"1024\" src=\"https:\/\/gsmulsum-kutenholz.de\/wp-content\/uploads\/2025\/11\/A149FFD0-3C76-46D4-A3BD-F135547B18BA-768x1024.jpeg\" alt=\"\" class=\"wp-image-5344\" srcset=\"https:\/\/gsmulsum-kutenholz.de\/wp-content\/uploads\/2025\/11\/A149FFD0-3C76-46D4-A3BD-F135547B18BA-768x1024.jpeg 768w, https:\/\/gsmulsum-kutenholz.de\/wp-content\/uploads\/2025\/11\/A149FFD0-3C76-46D4-A3BD-F135547B18BA-225x300.jpeg 225w, https:\/\/gsmulsum-kutenholz.de\/wp-content\/uploads\/2025\/11\/A149FFD0-3C76-46D4-A3BD-F135547B18BA-1152x1536.jpeg 1152w, https:\/\/gsmulsum-kutenholz.de\/wp-content\/uploads\/2025\/11\/A149FFD0-3C76-46D4-A3BD-F135547B18BA-1536x2048.jpeg 1536w, https:\/\/gsmulsum-kutenholz.de\/wp-content\/uploads\/2025\/11\/A149FFD0-3C76-46D4-A3BD-F135547B18BA-rotated.jpeg 1875w\" sizes=\"auto, (max-width: 768px) 100vw, 768px\" \/><\/figure>\n\n\n\n<p>und HUNGER auf mehr LESEN machen! <\/p>\n\n\n\n<figure class=\"wp-block-image size-large\"><img loading=\"lazy\" decoding=\"async\" width=\"1024\" height=\"768\" src=\"https:\/\/gsmulsum-kutenholz.de\/wp-content\/uploads\/2023\/11\/88B86177-FFEE-4EE7-BB95-F323ED382874-1024x768.jpeg\" alt=\"\" class=\"wp-image-4631\" srcset=\"https:\/\/gsmulsum-kutenholz.de\/wp-content\/uploads\/2023\/11\/88B86177-FFEE-4EE7-BB95-F323ED382874-1024x768.jpeg 1024w, https:\/\/gsmulsum-kutenholz.de\/wp-content\/uploads\/2023\/11\/88B86177-FFEE-4EE7-BB95-F323ED382874-300x225.jpeg 300w, https:\/\/gsmulsum-kutenholz.de\/wp-content\/uploads\/2023\/11\/88B86177-FFEE-4EE7-BB95-F323ED382874-768x576.jpeg 768w, https:\/\/gsmulsum-kutenholz.de\/wp-content\/uploads\/2023\/11\/88B86177-FFEE-4EE7-BB95-F323ED382874-1536x1152.jpeg 1536w, https:\/\/gsmulsum-kutenholz.de\/wp-content\/uploads\/2023\/11\/88B86177-FFEE-4EE7-BB95-F323ED382874-2048x1536.jpeg 2048w\" sizes=\"auto, (max-width: 1024px) 100vw, 1024px\" \/><figcaption class=\"wp-element-caption\">Apropos Hunger &#8211; zwischendurch eine kleine St\u00e4rkung vor der zweiten Runde f\u00fcr unsere VorleserInnen!<\/figcaption><\/figure>\n\n\n\n<figure class=\"wp-block-image size-large\"><img loading=\"lazy\" decoding=\"async\" width=\"1024\" height=\"768\" src=\"https:\/\/gsmulsum-kutenholz.de\/wp-content\/uploads\/2025\/11\/3EC8B84C-D208-4991-ABF2-51A85A74DCD9-1024x768.jpeg\" alt=\"\" class=\"wp-image-5356\" srcset=\"https:\/\/gsmulsum-kutenholz.de\/wp-content\/uploads\/2025\/11\/3EC8B84C-D208-4991-ABF2-51A85A74DCD9-1024x768.jpeg 1024w, https:\/\/gsmulsum-kutenholz.de\/wp-content\/uploads\/2025\/11\/3EC8B84C-D208-4991-ABF2-51A85A74DCD9-300x225.jpeg 300w, https:\/\/gsmulsum-kutenholz.de\/wp-content\/uploads\/2025\/11\/3EC8B84C-D208-4991-ABF2-51A85A74DCD9-768x576.jpeg 768w, https:\/\/gsmulsum-kutenholz.de\/wp-content\/uploads\/2025\/11\/3EC8B84C-D208-4991-ABF2-51A85A74DCD9-1536x1152.jpeg 1536w, https:\/\/gsmulsum-kutenholz.de\/wp-content\/uploads\/2025\/11\/3EC8B84C-D208-4991-ABF2-51A85A74DCD9-2048x1536.jpeg 2048w\" sizes=\"auto, (max-width: 1024px) 100vw, 1024px\" \/><\/figure>\n\n\n\n<p>Manchmal f\u00e4llt die Entscheidung schwer<\/p>\n\n\n\n<figure class=\"wp-block-image size-large\"><img loading=\"lazy\" decoding=\"async\" width=\"768\" height=\"1024\" src=\"https:\/\/gsmulsum-kutenholz.de\/wp-content\/uploads\/2025\/11\/FAC57F7D-C3D2-4042-B82D-0D636448E9FF-768x1024.jpeg\" alt=\"\" class=\"wp-image-5351\" srcset=\"https:\/\/gsmulsum-kutenholz.de\/wp-content\/uploads\/2025\/11\/FAC57F7D-C3D2-4042-B82D-0D636448E9FF-768x1024.jpeg 768w, https:\/\/gsmulsum-kutenholz.de\/wp-content\/uploads\/2025\/11\/FAC57F7D-C3D2-4042-B82D-0D636448E9FF-225x300.jpeg 225w, https:\/\/gsmulsum-kutenholz.de\/wp-content\/uploads\/2025\/11\/FAC57F7D-C3D2-4042-B82D-0D636448E9FF-1152x1536.jpeg 1152w, https:\/\/gsmulsum-kutenholz.de\/wp-content\/uploads\/2025\/11\/FAC57F7D-C3D2-4042-B82D-0D636448E9FF-1536x2048.jpeg 1536w, https:\/\/gsmulsum-kutenholz.de\/wp-content\/uploads\/2025\/11\/FAC57F7D-C3D2-4042-B82D-0D636448E9FF-rotated.jpeg 1875w\" sizes=\"auto, (max-width: 768px) 100vw, 768px\" \/><\/figure>\n\n\n\n<p>oder es sind knifflige F\u00e4lle zu l\u00f6sen,<\/p>\n\n\n\n<figure class=\"wp-block-image size-large\"><img loading=\"lazy\" decoding=\"async\" width=\"768\" height=\"1024\" src=\"https:\/\/gsmulsum-kutenholz.de\/wp-content\/uploads\/2025\/11\/B1D613CF-7156-4ED1-93C7-2769860C8F2A-768x1024.jpeg\" alt=\"\" class=\"wp-image-5346\" srcset=\"https:\/\/gsmulsum-kutenholz.de\/wp-content\/uploads\/2025\/11\/B1D613CF-7156-4ED1-93C7-2769860C8F2A-768x1024.jpeg 768w, https:\/\/gsmulsum-kutenholz.de\/wp-content\/uploads\/2025\/11\/B1D613CF-7156-4ED1-93C7-2769860C8F2A-225x300.jpeg 225w, https:\/\/gsmulsum-kutenholz.de\/wp-content\/uploads\/2025\/11\/B1D613CF-7156-4ED1-93C7-2769860C8F2A-1152x1536.jpeg 1152w, https:\/\/gsmulsum-kutenholz.de\/wp-content\/uploads\/2025\/11\/B1D613CF-7156-4ED1-93C7-2769860C8F2A-1536x2048.jpeg 1536w, https:\/\/gsmulsum-kutenholz.de\/wp-content\/uploads\/2025\/11\/B1D613CF-7156-4ED1-93C7-2769860C8F2A-rotated.jpeg 1875w\" sizes=\"auto, (max-width: 768px) 100vw, 768px\" \/><\/figure>\n\n\n\n<p>verdammt h\u00f6llisch guter Lesestoff zu verdauen, aber <\/p>\n\n\n\n<figure class=\"wp-block-image size-large\"><img loading=\"lazy\" decoding=\"async\" width=\"751\" height=\"1024\" src=\"https:\/\/gsmulsum-kutenholz.de\/wp-content\/uploads\/2025\/11\/EE3D089F-0892-448A-BEF0-726F886AF6A8-751x1024.jpeg\" alt=\"\" class=\"wp-image-5350\" srcset=\"https:\/\/gsmulsum-kutenholz.de\/wp-content\/uploads\/2025\/11\/EE3D089F-0892-448A-BEF0-726F886AF6A8-751x1024.jpeg 751w, https:\/\/gsmulsum-kutenholz.de\/wp-content\/uploads\/2025\/11\/EE3D089F-0892-448A-BEF0-726F886AF6A8-220x300.jpeg 220w, https:\/\/gsmulsum-kutenholz.de\/wp-content\/uploads\/2025\/11\/EE3D089F-0892-448A-BEF0-726F886AF6A8-768x1047.jpeg 768w, https:\/\/gsmulsum-kutenholz.de\/wp-content\/uploads\/2025\/11\/EE3D089F-0892-448A-BEF0-726F886AF6A8-1127x1536.jpeg 1127w, https:\/\/gsmulsum-kutenholz.de\/wp-content\/uploads\/2025\/11\/EE3D089F-0892-448A-BEF0-726F886AF6A8-1502x2048.jpeg 1502w, https:\/\/gsmulsum-kutenholz.de\/wp-content\/uploads\/2025\/11\/EE3D089F-0892-448A-BEF0-726F886AF6A8-1834x2500.jpeg 1834w\" sizes=\"auto, (max-width: 751px) 100vw, 751px\" \/><\/figure>\n\n\n\n<p>eure REISE MIT GUTEN B\u00dcCHERN geht immer weiter!<\/p>\n","protected":false},"excerpt":{"rendered":"<p>Ein Zeichen f\u00fcr das Vorlesen setzen 2004 haben DIE ZEIT, Stiftung Lesen und Deutsche Bahn Stiftung den Bundesweiten Vorlesetag ins Leben gerufen. Unser Ziel: Ein Zeichen f\u00fcr die Bedeutung des Vorlesens zu setzen. Am Anfang waren es gerade einmal rund 1.900 Menschen, die sich beteiligt haben. Mittlerweile ist die Zahl der Vorlesenden und Zuh\u00f6renden pro [&hellip;]<\/p>\n","protected":false},"author":2,"featured_media":2812,"comment_status":"open","ping_status":"open","sticky":false,"template":"","format":"standard","meta":{"ngg_post_thumbnail":0,"footnotes":""},"categories":[5],"tags":[],"class_list":["post-2790","post","type-post","status-publish","format-standard","has-post-thumbnail","hentry","category-neuigkeiten"],"yoast_head":"<!-- This site is optimized with the Yoast SEO plugin v27.4 - https:\/\/yoast.com\/product\/yoast-seo-wordpress\/ -->\n<title>Der Bundesweite Vorlesetag Deutschlands gr\u00f6\u00dftes Vorlesefest seit 2004 - Grundschule Mulsum - Kutenholz<\/title>\n<meta name=\"robots\" content=\"index, follow, max-snippet:-1, max-image-preview:large, max-video-preview:-1\" \/>\n<link rel=\"canonical\" href=\"https:\/\/gsmulsum-kutenholz.de\/?p=2790\" \/>\n<meta property=\"og:locale\" content=\"de_DE\" \/>\n<meta property=\"og:type\" content=\"article\" \/>\n<meta property=\"og:title\" content=\"Der Bundesweite Vorlesetag Deutschlands gr\u00f6\u00dftes Vorlesefest seit 2004 - Grundschule Mulsum - Kutenholz\" \/>\n<meta property=\"og:description\" content=\"Ein Zeichen f\u00fcr das Vorlesen setzen 2004 haben DIE ZEIT, Stiftung Lesen und Deutsche Bahn Stiftung den Bundesweiten Vorlesetag ins Leben gerufen. Unser Ziel: Ein Zeichen f\u00fcr die Bedeutung des Vorlesens zu setzen. Am Anfang waren es gerade einmal rund 1.900 Menschen, die sich beteiligt haben. Mittlerweile ist die Zahl der Vorlesenden und Zuh\u00f6renden pro [&hellip;]\" \/>\n<meta property=\"og:url\" content=\"https:\/\/gsmulsum-kutenholz.de\/?p=2790\" \/>\n<meta property=\"og:site_name\" content=\"Grundschule Mulsum - Kutenholz\" \/>\n<meta property=\"article:published_time\" content=\"2025-11-21T08:50:00+00:00\" \/>\n<meta property=\"article:modified_time\" content=\"2025-11-21T10:00:58+00:00\" \/>\n<meta property=\"og:image\" content=\"https:\/\/gsmulsum-kutenholz.de\/wp-content\/uploads\/2019\/11\/VLT_Logo-1.jpg\" \/>\n\t<meta property=\"og:image:width\" content=\"985\" \/>\n\t<meta property=\"og:image:height\" content=\"530\" \/>\n\t<meta property=\"og:image:type\" content=\"image\/jpeg\" \/>\n<meta name=\"author\" content=\"StR\" \/>\n<meta name=\"twitter:card\" content=\"summary_large_image\" \/>\n<meta name=\"twitter:label1\" content=\"Verfasst von\" \/>\n\t<meta name=\"twitter:data1\" content=\"StR\" \/>\n\t<meta name=\"twitter:label2\" content=\"Gesch\u00e4tzte Lesezeit\" \/>\n\t<meta name=\"twitter:data2\" content=\"1\u00a0Minute\" \/>\n<script type=\"application\/ld+json\" class=\"yoast-schema-graph\">{\"@context\":\"https:\\\/\\\/schema.org\",\"@graph\":[{\"@type\":\"Article\",\"@id\":\"https:\\\/\\\/gsmulsum-kutenholz.de\\\/?p=2790#article\",\"isPartOf\":{\"@id\":\"https:\\\/\\\/gsmulsum-kutenholz.de\\\/?p=2790\"},\"author\":{\"name\":\"StR\",\"@id\":\"https:\\\/\\\/gsmulsum-kutenholz.de\\\/#\\\/schema\\\/person\\\/9392f9926f5b3febd93e4d9faad95a36\"},\"headline\":\"Der Bundesweite Vorlesetag Deutschlands gr\u00f6\u00dftes Vorlesefest seit 2004\",\"datePublished\":\"2025-11-21T08:50:00+00:00\",\"dateModified\":\"2025-11-21T10:00:58+00:00\",\"mainEntityOfPage\":{\"@id\":\"https:\\\/\\\/gsmulsum-kutenholz.de\\\/?p=2790\"},\"wordCount\":232,\"commentCount\":0,\"image\":{\"@id\":\"https:\\\/\\\/gsmulsum-kutenholz.de\\\/?p=2790#primaryimage\"},\"thumbnailUrl\":\"https:\\\/\\\/gsmulsum-kutenholz.de\\\/wp-content\\\/uploads\\\/2019\\\/11\\\/VLT_Logo-1.jpg\",\"articleSection\":[\"Neuigkeiten\"],\"inLanguage\":\"de\",\"potentialAction\":[{\"@type\":\"CommentAction\",\"name\":\"Comment\",\"target\":[\"https:\\\/\\\/gsmulsum-kutenholz.de\\\/?p=2790#respond\"]}]},{\"@type\":\"WebPage\",\"@id\":\"https:\\\/\\\/gsmulsum-kutenholz.de\\\/?p=2790\",\"url\":\"https:\\\/\\\/gsmulsum-kutenholz.de\\\/?p=2790\",\"name\":\"Der Bundesweite Vorlesetag Deutschlands gr\u00f6\u00dftes Vorlesefest seit 2004 - Grundschule Mulsum - Kutenholz\",\"isPartOf\":{\"@id\":\"https:\\\/\\\/gsmulsum-kutenholz.de\\\/#website\"},\"primaryImageOfPage\":{\"@id\":\"https:\\\/\\\/gsmulsum-kutenholz.de\\\/?p=2790#primaryimage\"},\"image\":{\"@id\":\"https:\\\/\\\/gsmulsum-kutenholz.de\\\/?p=2790#primaryimage\"},\"thumbnailUrl\":\"https:\\\/\\\/gsmulsum-kutenholz.de\\\/wp-content\\\/uploads\\\/2019\\\/11\\\/VLT_Logo-1.jpg\",\"datePublished\":\"2025-11-21T08:50:00+00:00\",\"dateModified\":\"2025-11-21T10:00:58+00:00\",\"author\":{\"@id\":\"https:\\\/\\\/gsmulsum-kutenholz.de\\\/#\\\/schema\\\/person\\\/9392f9926f5b3febd93e4d9faad95a36\"},\"breadcrumb\":{\"@id\":\"https:\\\/\\\/gsmulsum-kutenholz.de\\\/?p=2790#breadcrumb\"},\"inLanguage\":\"de\",\"potentialAction\":[{\"@type\":\"ReadAction\",\"target\":[\"https:\\\/\\\/gsmulsum-kutenholz.de\\\/?p=2790\"]}]},{\"@type\":\"ImageObject\",\"inLanguage\":\"de\",\"@id\":\"https:\\\/\\\/gsmulsum-kutenholz.de\\\/?p=2790#primaryimage\",\"url\":\"https:\\\/\\\/gsmulsum-kutenholz.de\\\/wp-content\\\/uploads\\\/2019\\\/11\\\/VLT_Logo-1.jpg\",\"contentUrl\":\"https:\\\/\\\/gsmulsum-kutenholz.de\\\/wp-content\\\/uploads\\\/2019\\\/11\\\/VLT_Logo-1.jpg\",\"width\":985,\"height\":530},{\"@type\":\"BreadcrumbList\",\"@id\":\"https:\\\/\\\/gsmulsum-kutenholz.de\\\/?p=2790#breadcrumb\",\"itemListElement\":[{\"@type\":\"ListItem\",\"position\":1,\"name\":\"Start\",\"item\":\"https:\\\/\\\/gsmulsum-kutenholz.de\\\/\"},{\"@type\":\"ListItem\",\"position\":2,\"name\":\"Der Bundesweite Vorlesetag Deutschlands gr\u00f6\u00dftes Vorlesefest seit 2004\"}]},{\"@type\":\"WebSite\",\"@id\":\"https:\\\/\\\/gsmulsum-kutenholz.de\\\/#website\",\"url\":\"https:\\\/\\\/gsmulsum-kutenholz.de\\\/\",\"name\":\"Grundschule Mulsum - Kutenholz\",\"description\":\"\",\"potentialAction\":[{\"@type\":\"SearchAction\",\"target\":{\"@type\":\"EntryPoint\",\"urlTemplate\":\"https:\\\/\\\/gsmulsum-kutenholz.de\\\/?s={search_term_string}\"},\"query-input\":{\"@type\":\"PropertyValueSpecification\",\"valueRequired\":true,\"valueName\":\"search_term_string\"}}],\"inLanguage\":\"de\"},{\"@type\":\"Person\",\"@id\":\"https:\\\/\\\/gsmulsum-kutenholz.de\\\/#\\\/schema\\\/person\\\/9392f9926f5b3febd93e4d9faad95a36\",\"name\":\"StR\",\"image\":{\"@type\":\"ImageObject\",\"inLanguage\":\"de\",\"@id\":\"https:\\\/\\\/secure.gravatar.com\\\/avatar\\\/0f83786356390a9b9f34eec58b2e212e708162c990f07d5dd21c9104fcf44663?s=96&d=mm&r=g\",\"url\":\"https:\\\/\\\/secure.gravatar.com\\\/avatar\\\/0f83786356390a9b9f34eec58b2e212e708162c990f07d5dd21c9104fcf44663?s=96&d=mm&r=g\",\"contentUrl\":\"https:\\\/\\\/secure.gravatar.com\\\/avatar\\\/0f83786356390a9b9f34eec58b2e212e708162c990f07d5dd21c9104fcf44663?s=96&d=mm&r=g\",\"caption\":\"StR\"},\"url\":\"https:\\\/\\\/gsmulsum-kutenholz.de\\\/?author=2\"}]}<\/script>\n<!-- \/ Yoast SEO plugin. -->","yoast_head_json":{"title":"Der Bundesweite Vorlesetag Deutschlands gr\u00f6\u00dftes Vorlesefest seit 2004 - Grundschule Mulsum - Kutenholz","robots":{"index":"index","follow":"follow","max-snippet":"max-snippet:-1","max-image-preview":"max-image-preview:large","max-video-preview":"max-video-preview:-1"},"canonical":"https:\/\/gsmulsum-kutenholz.de\/?p=2790","og_locale":"de_DE","og_type":"article","og_title":"Der Bundesweite Vorlesetag Deutschlands gr\u00f6\u00dftes Vorlesefest seit 2004 - Grundschule Mulsum - Kutenholz","og_description":"Ein Zeichen f\u00fcr das Vorlesen setzen 2004 haben DIE ZEIT, Stiftung Lesen und Deutsche Bahn Stiftung den Bundesweiten Vorlesetag ins Leben gerufen. Unser Ziel: Ein Zeichen f\u00fcr die Bedeutung des Vorlesens zu setzen. Am Anfang waren es gerade einmal rund 1.900 Menschen, die sich beteiligt haben. Mittlerweile ist die Zahl der Vorlesenden und Zuh\u00f6renden pro [&hellip;]","og_url":"https:\/\/gsmulsum-kutenholz.de\/?p=2790","og_site_name":"Grundschule Mulsum - Kutenholz","article_published_time":"2025-11-21T08:50:00+00:00","article_modified_time":"2025-11-21T10:00:58+00:00","og_image":[{"width":985,"height":530,"url":"https:\/\/gsmulsum-kutenholz.de\/wp-content\/uploads\/2019\/11\/VLT_Logo-1.jpg","type":"image\/jpeg"}],"author":"StR","twitter_card":"summary_large_image","twitter_misc":{"Verfasst von":"StR","Gesch\u00e4tzte Lesezeit":"1\u00a0Minute"},"schema":{"@context":"https:\/\/schema.org","@graph":[{"@type":"Article","@id":"https:\/\/gsmulsum-kutenholz.de\/?p=2790#article","isPartOf":{"@id":"https:\/\/gsmulsum-kutenholz.de\/?p=2790"},"author":{"name":"StR","@id":"https:\/\/gsmulsum-kutenholz.de\/#\/schema\/person\/9392f9926f5b3febd93e4d9faad95a36"},"headline":"Der Bundesweite Vorlesetag Deutschlands gr\u00f6\u00dftes Vorlesefest seit 2004","datePublished":"2025-11-21T08:50:00+00:00","dateModified":"2025-11-21T10:00:58+00:00","mainEntityOfPage":{"@id":"https:\/\/gsmulsum-kutenholz.de\/?p=2790"},"wordCount":232,"commentCount":0,"image":{"@id":"https:\/\/gsmulsum-kutenholz.de\/?p=2790#primaryimage"},"thumbnailUrl":"https:\/\/gsmulsum-kutenholz.de\/wp-content\/uploads\/2019\/11\/VLT_Logo-1.jpg","articleSection":["Neuigkeiten"],"inLanguage":"de","potentialAction":[{"@type":"CommentAction","name":"Comment","target":["https:\/\/gsmulsum-kutenholz.de\/?p=2790#respond"]}]},{"@type":"WebPage","@id":"https:\/\/gsmulsum-kutenholz.de\/?p=2790","url":"https:\/\/gsmulsum-kutenholz.de\/?p=2790","name":"Der Bundesweite Vorlesetag Deutschlands gr\u00f6\u00dftes Vorlesefest seit 2004 - Grundschule Mulsum - Kutenholz","isPartOf":{"@id":"https:\/\/gsmulsum-kutenholz.de\/#website"},"primaryImageOfPage":{"@id":"https:\/\/gsmulsum-kutenholz.de\/?p=2790#primaryimage"},"image":{"@id":"https:\/\/gsmulsum-kutenholz.de\/?p=2790#primaryimage"},"thumbnailUrl":"https:\/\/gsmulsum-kutenholz.de\/wp-content\/uploads\/2019\/11\/VLT_Logo-1.jpg","datePublished":"2025-11-21T08:50:00+00:00","dateModified":"2025-11-21T10:00:58+00:00","author":{"@id":"https:\/\/gsmulsum-kutenholz.de\/#\/schema\/person\/9392f9926f5b3febd93e4d9faad95a36"},"breadcrumb":{"@id":"https:\/\/gsmulsum-kutenholz.de\/?p=2790#breadcrumb"},"inLanguage":"de","potentialAction":[{"@type":"ReadAction","target":["https:\/\/gsmulsum-kutenholz.de\/?p=2790"]}]},{"@type":"ImageObject","inLanguage":"de","@id":"https:\/\/gsmulsum-kutenholz.de\/?p=2790#primaryimage","url":"https:\/\/gsmulsum-kutenholz.de\/wp-content\/uploads\/2019\/11\/VLT_Logo-1.jpg","contentUrl":"https:\/\/gsmulsum-kutenholz.de\/wp-content\/uploads\/2019\/11\/VLT_Logo-1.jpg","width":985,"height":530},{"@type":"BreadcrumbList","@id":"https:\/\/gsmulsum-kutenholz.de\/?p=2790#breadcrumb","itemListElement":[{"@type":"ListItem","position":1,"name":"Start","item":"https:\/\/gsmulsum-kutenholz.de\/"},{"@type":"ListItem","position":2,"name":"Der Bundesweite Vorlesetag Deutschlands gr\u00f6\u00dftes Vorlesefest seit 2004"}]},{"@type":"WebSite","@id":"https:\/\/gsmulsum-kutenholz.de\/#website","url":"https:\/\/gsmulsum-kutenholz.de\/","name":"Grundschule Mulsum - Kutenholz","description":"","potentialAction":[{"@type":"SearchAction","target":{"@type":"EntryPoint","urlTemplate":"https:\/\/gsmulsum-kutenholz.de\/?s={search_term_string}"},"query-input":{"@type":"PropertyValueSpecification","valueRequired":true,"valueName":"search_term_string"}}],"inLanguage":"de"},{"@type":"Person","@id":"https:\/\/gsmulsum-kutenholz.de\/#\/schema\/person\/9392f9926f5b3febd93e4d9faad95a36","name":"StR","image":{"@type":"ImageObject","inLanguage":"de","@id":"https:\/\/secure.gravatar.com\/avatar\/0f83786356390a9b9f34eec58b2e212e708162c990f07d5dd21c9104fcf44663?s=96&d=mm&r=g","url":"https:\/\/secure.gravatar.com\/avatar\/0f83786356390a9b9f34eec58b2e212e708162c990f07d5dd21c9104fcf44663?s=96&d=mm&r=g","contentUrl":"https:\/\/secure.gravatar.com\/avatar\/0f83786356390a9b9f34eec58b2e212e708162c990f07d5dd21c9104fcf44663?s=96&d=mm&r=g","caption":"StR"},"url":"https:\/\/gsmulsum-kutenholz.de\/?author=2"}]}},"_links":{"self":[{"href":"https:\/\/gsmulsum-kutenholz.de\/index.php?rest_route=\/wp\/v2\/posts\/2790","targetHints":{"allow":["GET"]}}],"collection":[{"href":"https:\/\/gsmulsum-kutenholz.de\/index.php?rest_route=\/wp\/v2\/posts"}],"about":[{"href":"https:\/\/gsmulsum-kutenholz.de\/index.php?rest_route=\/wp\/v2\/types\/post"}],"author":[{"embeddable":true,"href":"https:\/\/gsmulsum-kutenholz.de\/index.php?rest_route=\/wp\/v2\/users\/2"}],"replies":[{"embeddable":true,"href":"https:\/\/gsmulsum-kutenholz.de\/index.php?rest_route=%2Fwp%2Fv2%2Fcomments&post=2790"}],"version-history":[{"count":16,"href":"https:\/\/gsmulsum-kutenholz.de\/index.php?rest_route=\/wp\/v2\/posts\/2790\/revisions"}],"predecessor-version":[{"id":5367,"href":"https:\/\/gsmulsum-kutenholz.de\/index.php?rest_route=\/wp\/v2\/posts\/2790\/revisions\/5367"}],"wp:featuredmedia":[{"embeddable":true,"href":"https:\/\/gsmulsum-kutenholz.de\/index.php?rest_route=\/wp\/v2\/media\/2812"}],"wp:attachment":[{"href":"https:\/\/gsmulsum-kutenholz.de\/index.php?rest_route=%2Fwp%2Fv2%2Fmedia&parent=2790"}],"wp:term":[{"taxonomy":"category","embeddable":true,"href":"https:\/\/gsmulsum-kutenholz.de\/index.php?rest_route=%2Fwp%2Fv2%2Fcategories&post=2790"},{"taxonomy":"post_tag","embeddable":true,"href":"https:\/\/gsmulsum-kutenholz.de\/index.php?rest_route=%2Fwp%2Fv2%2Ftags&post=2790"}],"curies":[{"name":"wp","href":"https:\/\/api.w.org\/{rel}","templated":true}]}}