{"id":3936,"date":"2023-04-29T20:43:19","date_gmt":"2023-04-29T18:43:19","guid":{"rendered":"https:\/\/gsmulsum-kutenholz.de\/?p=3936"},"modified":"2023-04-29T20:46:43","modified_gmt":"2023-04-29T18:46:43","slug":"schulinterner-vorlesewettbewerb","status":"publish","type":"post","link":"https:\/\/gsmulsum-kutenholz.de\/?p=3936","title":{"rendered":"Tag des Buches und Schulinterner Vorlesewettbewerb"},"content":{"rendered":"\n<p class=\"has-medium-font-size\">Am Donnerstag, dem 27.04.2023, gab es in unserer Grundschule viele Highlights. Anl\u00e4sslich des Zukunftstages wurde das Kollegium an beiden Standorten durch insgesamt f\u00fcnf Sch\u00fcler*innen von anderen Schulen unterst\u00fctzt. In allen Klassen wurde zudem der Tag des Buches mit zahlreichen Aktionen wie Vorlesen lassen, neue B\u00fccher erkunden, eigene B\u00fccher herstellen und Lesezeichen basteln, anderen vorlesen, gemeinsam schm\u00f6kern &#8230; begangen. Einige Klassen hatten im Vorfeld des Tages mit ihren Deutschlehrerinnen eine Buchhandlung oder Bibliothek besucht und sich eine Ausgabe von &#8222;Ich schenke dir eine Geschichte&#8220; gesichert.<\/p>\n\n\n\n<p class=\"has-medium-font-size\">Am Nachmittag fand am Standort Mulsum au\u00dferdem der Schulinterne Vorlesewettbewerb mit Teilnehmer*innen aus allen Jahrg\u00e4ngen statt. Die besten Leser der einzelnen Klassen wurden von einer Jury aus Eltern und Kolleg*innen bewertet und die Sieger*innen ermittelt.<\/p>\n\n\n\n<p class=\"has-medium-font-size\">Um einen kleinen Einblick in den aufregenden Tag zu erhalten, schauen Sie gerne in die folgende Bildershow!<\/p>\n\n\n\nngg_shortcode_0_placeholder\n","protected":false},"excerpt":{"rendered":"<p>Am Donnerstag, dem 27.04.2023, gab es in unserer Grundschule viele Highlights. Anl\u00e4sslich des Zukunftstages wurde das Kollegium an beiden Standorten durch insgesamt f\u00fcnf Sch\u00fcler*innen von anderen Schulen unterst\u00fctzt. In allen Klassen wurde zudem der Tag des Buches mit zahlreichen Aktionen wie Vorlesen lassen, neue B\u00fccher erkunden, eigene B\u00fccher herstellen und Lesezeichen basteln, anderen vorlesen, gemeinsam [&hellip;]<\/p>\n","protected":false},"author":2,"featured_media":215,"comment_status":"open","ping_status":"open","sticky":false,"template":"","format":"standard","meta":{"ngg_post_thumbnail":0,"footnotes":""},"categories":[5],"tags":[],"class_list":["post-3936","post","type-post","status-publish","format-standard","has-post-thumbnail","hentry","category-neuigkeiten"],"yoast_head":"<!-- This site is optimized with the Yoast SEO plugin v27.4 - https:\/\/yoast.com\/product\/yoast-seo-wordpress\/ -->\n<title>Tag des Buches und Schulinterner Vorlesewettbewerb - Grundschule Mulsum - Kutenholz<\/title>\n<meta name=\"robots\" content=\"index, follow, max-snippet:-1, max-image-preview:large, max-video-preview:-1\" \/>\n<link rel=\"canonical\" href=\"https:\/\/gsmulsum-kutenholz.de\/?p=3936\" \/>\n<meta property=\"og:locale\" content=\"de_DE\" \/>\n<meta property=\"og:type\" content=\"article\" \/>\n<meta property=\"og:title\" content=\"Tag des Buches und Schulinterner Vorlesewettbewerb - Grundschule Mulsum - Kutenholz\" \/>\n<meta property=\"og:description\" content=\"Am Donnerstag, dem 27.04.2023, gab es in unserer Grundschule viele Highlights. Anl\u00e4sslich des Zukunftstages wurde das Kollegium an beiden Standorten durch insgesamt f\u00fcnf Sch\u00fcler*innen von anderen Schulen unterst\u00fctzt. In allen Klassen wurde zudem der Tag des Buches mit zahlreichen Aktionen wie Vorlesen lassen, neue B\u00fccher erkunden, eigene B\u00fccher herstellen und Lesezeichen basteln, anderen vorlesen, gemeinsam [&hellip;]\" \/>\n<meta property=\"og:url\" content=\"https:\/\/gsmulsum-kutenholz.de\/?p=3936\" \/>\n<meta property=\"og:site_name\" content=\"Grundschule Mulsum - Kutenholz\" \/>\n<meta property=\"article:published_time\" content=\"2023-04-29T18:43:19+00:00\" \/>\n<meta property=\"article:modified_time\" content=\"2023-04-29T18:46:43+00:00\" \/>\n<meta property=\"og:image\" content=\"https:\/\/gsmulsum-kutenholz.de\/wp-content\/uploads\/2018\/04\/lesen.jpg\" \/>\n\t<meta property=\"og:image:width\" content=\"1274\" \/>\n\t<meta property=\"og:image:height\" content=\"1442\" \/>\n\t<meta property=\"og:image:type\" content=\"image\/jpeg\" \/>\n<meta name=\"author\" content=\"StR\" \/>\n<meta name=\"twitter:card\" content=\"summary_large_image\" \/>\n<meta name=\"twitter:label1\" content=\"Verfasst von\" \/>\n\t<meta name=\"twitter:data1\" content=\"StR\" \/>\n\t<meta name=\"twitter:label2\" content=\"Gesch\u00e4tzte Lesezeit\" \/>\n\t<meta name=\"twitter:data2\" content=\"1\u00a0Minute\" \/>\n<script type=\"application\/ld+json\" class=\"yoast-schema-graph\">{\"@context\":\"https:\\\/\\\/schema.org\",\"@graph\":[{\"@type\":\"Article\",\"@id\":\"https:\\\/\\\/gsmulsum-kutenholz.de\\\/?p=3936#article\",\"isPartOf\":{\"@id\":\"https:\\\/\\\/gsmulsum-kutenholz.de\\\/?p=3936\"},\"author\":{\"name\":\"StR\",\"@id\":\"https:\\\/\\\/gsmulsum-kutenholz.de\\\/#\\\/schema\\\/person\\\/9392f9926f5b3febd93e4d9faad95a36\"},\"headline\":\"Tag des Buches und Schulinterner Vorlesewettbewerb\",\"datePublished\":\"2023-04-29T18:43:19+00:00\",\"dateModified\":\"2023-04-29T18:46:43+00:00\",\"mainEntityOfPage\":{\"@id\":\"https:\\\/\\\/gsmulsum-kutenholz.de\\\/?p=3936\"},\"wordCount\":160,\"commentCount\":0,\"image\":{\"@id\":\"https:\\\/\\\/gsmulsum-kutenholz.de\\\/?p=3936#primaryimage\"},\"thumbnailUrl\":\"https:\\\/\\\/gsmulsum-kutenholz.de\\\/wp-content\\\/uploads\\\/2018\\\/04\\\/lesen.jpg\",\"articleSection\":[\"Neuigkeiten\"],\"inLanguage\":\"de\",\"potentialAction\":[{\"@type\":\"CommentAction\",\"name\":\"Comment\",\"target\":[\"https:\\\/\\\/gsmulsum-kutenholz.de\\\/?p=3936#respond\"]}]},{\"@type\":\"WebPage\",\"@id\":\"https:\\\/\\\/gsmulsum-kutenholz.de\\\/?p=3936\",\"url\":\"https:\\\/\\\/gsmulsum-kutenholz.de\\\/?p=3936\",\"name\":\"Tag des Buches und Schulinterner Vorlesewettbewerb - Grundschule Mulsum - Kutenholz\",\"isPartOf\":{\"@id\":\"https:\\\/\\\/gsmulsum-kutenholz.de\\\/#website\"},\"primaryImageOfPage\":{\"@id\":\"https:\\\/\\\/gsmulsum-kutenholz.de\\\/?p=3936#primaryimage\"},\"image\":{\"@id\":\"https:\\\/\\\/gsmulsum-kutenholz.de\\\/?p=3936#primaryimage\"},\"thumbnailUrl\":\"https:\\\/\\\/gsmulsum-kutenholz.de\\\/wp-content\\\/uploads\\\/2018\\\/04\\\/lesen.jpg\",\"datePublished\":\"2023-04-29T18:43:19+00:00\",\"dateModified\":\"2023-04-29T18:46:43+00:00\",\"author\":{\"@id\":\"https:\\\/\\\/gsmulsum-kutenholz.de\\\/#\\\/schema\\\/person\\\/9392f9926f5b3febd93e4d9faad95a36\"},\"breadcrumb\":{\"@id\":\"https:\\\/\\\/gsmulsum-kutenholz.de\\\/?p=3936#breadcrumb\"},\"inLanguage\":\"de\",\"potentialAction\":[{\"@type\":\"ReadAction\",\"target\":[\"https:\\\/\\\/gsmulsum-kutenholz.de\\\/?p=3936\"]}]},{\"@type\":\"ImageObject\",\"inLanguage\":\"de\",\"@id\":\"https:\\\/\\\/gsmulsum-kutenholz.de\\\/?p=3936#primaryimage\",\"url\":\"https:\\\/\\\/gsmulsum-kutenholz.de\\\/wp-content\\\/uploads\\\/2018\\\/04\\\/lesen.jpg\",\"contentUrl\":\"https:\\\/\\\/gsmulsum-kutenholz.de\\\/wp-content\\\/uploads\\\/2018\\\/04\\\/lesen.jpg\",\"width\":1274,\"height\":1442},{\"@type\":\"BreadcrumbList\",\"@id\":\"https:\\\/\\\/gsmulsum-kutenholz.de\\\/?p=3936#breadcrumb\",\"itemListElement\":[{\"@type\":\"ListItem\",\"position\":1,\"name\":\"Start\",\"item\":\"https:\\\/\\\/gsmulsum-kutenholz.de\\\/\"},{\"@type\":\"ListItem\",\"position\":2,\"name\":\"Tag des Buches und Schulinterner Vorlesewettbewerb\"}]},{\"@type\":\"WebSite\",\"@id\":\"https:\\\/\\\/gsmulsum-kutenholz.de\\\/#website\",\"url\":\"https:\\\/\\\/gsmulsum-kutenholz.de\\\/\",\"name\":\"Grundschule Mulsum - Kutenholz\",\"description\":\"\",\"potentialAction\":[{\"@type\":\"SearchAction\",\"target\":{\"@type\":\"EntryPoint\",\"urlTemplate\":\"https:\\\/\\\/gsmulsum-kutenholz.de\\\/?s={search_term_string}\"},\"query-input\":{\"@type\":\"PropertyValueSpecification\",\"valueRequired\":true,\"valueName\":\"search_term_string\"}}],\"inLanguage\":\"de\"},{\"@type\":\"Person\",\"@id\":\"https:\\\/\\\/gsmulsum-kutenholz.de\\\/#\\\/schema\\\/person\\\/9392f9926f5b3febd93e4d9faad95a36\",\"name\":\"StR\",\"image\":{\"@type\":\"ImageObject\",\"inLanguage\":\"de\",\"@id\":\"https:\\\/\\\/secure.gravatar.com\\\/avatar\\\/0f83786356390a9b9f34eec58b2e212e708162c990f07d5dd21c9104fcf44663?s=96&d=mm&r=g\",\"url\":\"https:\\\/\\\/secure.gravatar.com\\\/avatar\\\/0f83786356390a9b9f34eec58b2e212e708162c990f07d5dd21c9104fcf44663?s=96&d=mm&r=g\",\"contentUrl\":\"https:\\\/\\\/secure.gravatar.com\\\/avatar\\\/0f83786356390a9b9f34eec58b2e212e708162c990f07d5dd21c9104fcf44663?s=96&d=mm&r=g\",\"caption\":\"StR\"},\"url\":\"https:\\\/\\\/gsmulsum-kutenholz.de\\\/?author=2\"}]}<\/script>\n<!-- \/ Yoast SEO plugin. -->","yoast_head_json":{"title":"Tag des Buches und Schulinterner Vorlesewettbewerb - Grundschule Mulsum - Kutenholz","robots":{"index":"index","follow":"follow","max-snippet":"max-snippet:-1","max-image-preview":"max-image-preview:large","max-video-preview":"max-video-preview:-1"},"canonical":"https:\/\/gsmulsum-kutenholz.de\/?p=3936","og_locale":"de_DE","og_type":"article","og_title":"Tag des Buches und Schulinterner Vorlesewettbewerb - Grundschule Mulsum - Kutenholz","og_description":"Am Donnerstag, dem 27.04.2023, gab es in unserer Grundschule viele Highlights. Anl\u00e4sslich des Zukunftstages wurde das Kollegium an beiden Standorten durch insgesamt f\u00fcnf Sch\u00fcler*innen von anderen Schulen unterst\u00fctzt. In allen Klassen wurde zudem der Tag des Buches mit zahlreichen Aktionen wie Vorlesen lassen, neue B\u00fccher erkunden, eigene B\u00fccher herstellen und Lesezeichen basteln, anderen vorlesen, gemeinsam [&hellip;]","og_url":"https:\/\/gsmulsum-kutenholz.de\/?p=3936","og_site_name":"Grundschule Mulsum - Kutenholz","article_published_time":"2023-04-29T18:43:19+00:00","article_modified_time":"2023-04-29T18:46:43+00:00","og_image":[{"width":1274,"height":1442,"url":"https:\/\/gsmulsum-kutenholz.de\/wp-content\/uploads\/2018\/04\/lesen.jpg","type":"image\/jpeg"}],"author":"StR","twitter_card":"summary_large_image","twitter_misc":{"Verfasst von":"StR","Gesch\u00e4tzte Lesezeit":"1\u00a0Minute"},"schema":{"@context":"https:\/\/schema.org","@graph":[{"@type":"Article","@id":"https:\/\/gsmulsum-kutenholz.de\/?p=3936#article","isPartOf":{"@id":"https:\/\/gsmulsum-kutenholz.de\/?p=3936"},"author":{"name":"StR","@id":"https:\/\/gsmulsum-kutenholz.de\/#\/schema\/person\/9392f9926f5b3febd93e4d9faad95a36"},"headline":"Tag des Buches und Schulinterner Vorlesewettbewerb","datePublished":"2023-04-29T18:43:19+00:00","dateModified":"2023-04-29T18:46:43+00:00","mainEntityOfPage":{"@id":"https:\/\/gsmulsum-kutenholz.de\/?p=3936"},"wordCount":160,"commentCount":0,"image":{"@id":"https:\/\/gsmulsum-kutenholz.de\/?p=3936#primaryimage"},"thumbnailUrl":"https:\/\/gsmulsum-kutenholz.de\/wp-content\/uploads\/2018\/04\/lesen.jpg","articleSection":["Neuigkeiten"],"inLanguage":"de","potentialAction":[{"@type":"CommentAction","name":"Comment","target":["https:\/\/gsmulsum-kutenholz.de\/?p=3936#respond"]}]},{"@type":"WebPage","@id":"https:\/\/gsmulsum-kutenholz.de\/?p=3936","url":"https:\/\/gsmulsum-kutenholz.de\/?p=3936","name":"Tag des Buches und Schulinterner Vorlesewettbewerb - Grundschule Mulsum - Kutenholz","isPartOf":{"@id":"https:\/\/gsmulsum-kutenholz.de\/#website"},"primaryImageOfPage":{"@id":"https:\/\/gsmulsum-kutenholz.de\/?p=3936#primaryimage"},"image":{"@id":"https:\/\/gsmulsum-kutenholz.de\/?p=3936#primaryimage"},"thumbnailUrl":"https:\/\/gsmulsum-kutenholz.de\/wp-content\/uploads\/2018\/04\/lesen.jpg","datePublished":"2023-04-29T18:43:19+00:00","dateModified":"2023-04-29T18:46:43+00:00","author":{"@id":"https:\/\/gsmulsum-kutenholz.de\/#\/schema\/person\/9392f9926f5b3febd93e4d9faad95a36"},"breadcrumb":{"@id":"https:\/\/gsmulsum-kutenholz.de\/?p=3936#breadcrumb"},"inLanguage":"de","potentialAction":[{"@type":"ReadAction","target":["https:\/\/gsmulsum-kutenholz.de\/?p=3936"]}]},{"@type":"ImageObject","inLanguage":"de","@id":"https:\/\/gsmulsum-kutenholz.de\/?p=3936#primaryimage","url":"https:\/\/gsmulsum-kutenholz.de\/wp-content\/uploads\/2018\/04\/lesen.jpg","contentUrl":"https:\/\/gsmulsum-kutenholz.de\/wp-content\/uploads\/2018\/04\/lesen.jpg","width":1274,"height":1442},{"@type":"BreadcrumbList","@id":"https:\/\/gsmulsum-kutenholz.de\/?p=3936#breadcrumb","itemListElement":[{"@type":"ListItem","position":1,"name":"Start","item":"https:\/\/gsmulsum-kutenholz.de\/"},{"@type":"ListItem","position":2,"name":"Tag des Buches und Schulinterner Vorlesewettbewerb"}]},{"@type":"WebSite","@id":"https:\/\/gsmulsum-kutenholz.de\/#website","url":"https:\/\/gsmulsum-kutenholz.de\/","name":"Grundschule Mulsum - Kutenholz","description":"","potentialAction":[{"@type":"SearchAction","target":{"@type":"EntryPoint","urlTemplate":"https:\/\/gsmulsum-kutenholz.de\/?s={search_term_string}"},"query-input":{"@type":"PropertyValueSpecification","valueRequired":true,"valueName":"search_term_string"}}],"inLanguage":"de"},{"@type":"Person","@id":"https:\/\/gsmulsum-kutenholz.de\/#\/schema\/person\/9392f9926f5b3febd93e4d9faad95a36","name":"StR","image":{"@type":"ImageObject","inLanguage":"de","@id":"https:\/\/secure.gravatar.com\/avatar\/0f83786356390a9b9f34eec58b2e212e708162c990f07d5dd21c9104fcf44663?s=96&d=mm&r=g","url":"https:\/\/secure.gravatar.com\/avatar\/0f83786356390a9b9f34eec58b2e212e708162c990f07d5dd21c9104fcf44663?s=96&d=mm&r=g","contentUrl":"https:\/\/secure.gravatar.com\/avatar\/0f83786356390a9b9f34eec58b2e212e708162c990f07d5dd21c9104fcf44663?s=96&d=mm&r=g","caption":"StR"},"url":"https:\/\/gsmulsum-kutenholz.de\/?author=2"}]}},"_links":{"self":[{"href":"https:\/\/gsmulsum-kutenholz.de\/index.php?rest_route=\/wp\/v2\/posts\/3936","targetHints":{"allow":["GET"]}}],"collection":[{"href":"https:\/\/gsmulsum-kutenholz.de\/index.php?rest_route=\/wp\/v2\/posts"}],"about":[{"href":"https:\/\/gsmulsum-kutenholz.de\/index.php?rest_route=\/wp\/v2\/types\/post"}],"author":[{"embeddable":true,"href":"https:\/\/gsmulsum-kutenholz.de\/index.php?rest_route=\/wp\/v2\/users\/2"}],"replies":[{"embeddable":true,"href":"https:\/\/gsmulsum-kutenholz.de\/index.php?rest_route=%2Fwp%2Fv2%2Fcomments&post=3936"}],"version-history":[{"count":9,"href":"https:\/\/gsmulsum-kutenholz.de\/index.php?rest_route=\/wp\/v2\/posts\/3936\/revisions"}],"predecessor-version":[{"id":4567,"href":"https:\/\/gsmulsum-kutenholz.de\/index.php?rest_route=\/wp\/v2\/posts\/3936\/revisions\/4567"}],"wp:featuredmedia":[{"embeddable":true,"href":"https:\/\/gsmulsum-kutenholz.de\/index.php?rest_route=\/wp\/v2\/media\/215"}],"wp:attachment":[{"href":"https:\/\/gsmulsum-kutenholz.de\/index.php?rest_route=%2Fwp%2Fv2%2Fmedia&parent=3936"}],"wp:term":[{"taxonomy":"category","embeddable":true,"href":"https:\/\/gsmulsum-kutenholz.de\/index.php?rest_route=%2Fwp%2Fv2%2Fcategories&post=3936"},{"taxonomy":"post_tag","embeddable":true,"href":"https:\/\/gsmulsum-kutenholz.de\/index.php?rest_route=%2Fwp%2Fv2%2Ftags&post=3936"}],"curies":[{"name":"wp","href":"https:\/\/api.w.org\/{rel}","templated":true}]}}