{"id":4201,"date":"2022-07-11T00:05:00","date_gmt":"2022-07-10T22:05:00","guid":{"rendered":"https:\/\/gsmulsum-kutenholz.de\/?p=4201"},"modified":"2022-07-11T10:52:45","modified_gmt":"2022-07-11T08:52:45","slug":"unterwegs-als-wald-und-wiesenforscher","status":"publish","type":"post","link":"https:\/\/gsmulsum-kutenholz.de\/?p=4201","title":{"rendered":"Unterwegs als Wald- und Wiesenforscher"},"content":{"rendered":"\n<p class=\"has-vivid-green-cyan-color has-white-background-color has-text-color has-background has-medium-font-size\"><strong>An drei Tagen setzten sich die Sch\u00fcler der Klasse 4b auf ihre Fahrr\u00e4der, um Unterricht im gr\u00fcnen Klassenzimmer zu machen. In den ersten beiden Tagen ging es in Richtung Tinste und Hesedorf in den Wald. Dort erlebten die Kinder in Naturerlebnisspielen den Wald mit allen Sinnen. B\u00e4ume wurden beklettert und ertastet, Anschleich- und Indianerspiele gespielt, Waldinsekten gesammelt und betrachtet. Gemeinsam bauten die Sch\u00fcler Waldh\u00fctten und Lagerst\u00e4tten. Die Zeit verging wie im Fluge und gegen Mittag kehrten alle wohlbehalten und ersch\u00f6pft nach Hause zur\u00fcck. Auf dem letzten Ausflug trafen wir uns mit der Waldp\u00e4dagogin Gesa Gerken, die an der Moorschutzh\u00fctte ein tolles Programm rund um das Thema Moor und Wiese vorbereitet hatte. F\u00fcr viele Kinder, waren das einzigarte Erfahrungen und Erlebnisse, die tiefe Gef\u00fchle und Erinnerungen hinterlassen werden.<\/strong><\/p>\n\n\n\n<figure class=\"wp-block-image size-large\"><img loading=\"lazy\" decoding=\"async\" width=\"681\" height=\"1024\" src=\"https:\/\/gsmulsum-kutenholz.de\/wp-content\/uploads\/2022\/07\/IMGP3121-681x1024.jpg\" alt=\"\" class=\"wp-image-4205\" srcset=\"https:\/\/gsmulsum-kutenholz.de\/wp-content\/uploads\/2022\/07\/IMGP3121-681x1024.jpg 681w, https:\/\/gsmulsum-kutenholz.de\/wp-content\/uploads\/2022\/07\/IMGP3121-199x300.jpg 199w, https:\/\/gsmulsum-kutenholz.de\/wp-content\/uploads\/2022\/07\/IMGP3121-768x1155.jpg 768w, https:\/\/gsmulsum-kutenholz.de\/wp-content\/uploads\/2022\/07\/IMGP3121-1021x1536.jpg 1021w, https:\/\/gsmulsum-kutenholz.de\/wp-content\/uploads\/2022\/07\/IMGP3121-1362x2048.jpg 1362w, https:\/\/gsmulsum-kutenholz.de\/wp-content\/uploads\/2022\/07\/IMGP3121-scaled.jpg 1702w\" sizes=\"auto, (max-width: 681px) 100vw, 681px\" \/><\/figure>\n\n\n\n<figure class=\"wp-block-image size-large\"><img loading=\"lazy\" decoding=\"async\" width=\"1024\" height=\"681\" src=\"https:\/\/gsmulsum-kutenholz.de\/wp-content\/uploads\/2022\/07\/IMGP3215-1024x681.jpg\" alt=\"\" class=\"wp-image-4206\" srcset=\"https:\/\/gsmulsum-kutenholz.de\/wp-content\/uploads\/2022\/07\/IMGP3215-1024x681.jpg 1024w, https:\/\/gsmulsum-kutenholz.de\/wp-content\/uploads\/2022\/07\/IMGP3215-300x199.jpg 300w, https:\/\/gsmulsum-kutenholz.de\/wp-content\/uploads\/2022\/07\/IMGP3215-768x511.jpg 768w, https:\/\/gsmulsum-kutenholz.de\/wp-content\/uploads\/2022\/07\/IMGP3215-1536x1021.jpg 1536w, https:\/\/gsmulsum-kutenholz.de\/wp-content\/uploads\/2022\/07\/IMGP3215-2048x1362.jpg 2048w\" sizes=\"auto, (max-width: 1024px) 100vw, 1024px\" \/><\/figure>\n\n\n\n<figure class=\"wp-block-image size-large\"><img loading=\"lazy\" decoding=\"async\" width=\"1024\" height=\"681\" src=\"https:\/\/gsmulsum-kutenholz.de\/wp-content\/uploads\/2022\/07\/IMGP3115-1024x681.jpg\" alt=\"\" class=\"wp-image-4207\" srcset=\"https:\/\/gsmulsum-kutenholz.de\/wp-content\/uploads\/2022\/07\/IMGP3115-1024x681.jpg 1024w, https:\/\/gsmulsum-kutenholz.de\/wp-content\/uploads\/2022\/07\/IMGP3115-300x199.jpg 300w, https:\/\/gsmulsum-kutenholz.de\/wp-content\/uploads\/2022\/07\/IMGP3115-768x511.jpg 768w, https:\/\/gsmulsum-kutenholz.de\/wp-content\/uploads\/2022\/07\/IMGP3115-1536x1021.jpg 1536w, https:\/\/gsmulsum-kutenholz.de\/wp-content\/uploads\/2022\/07\/IMGP3115-2048x1362.jpg 2048w\" sizes=\"auto, (max-width: 1024px) 100vw, 1024px\" \/><\/figure>\n\n\n\n<figure class=\"wp-block-image size-large\"><img loading=\"lazy\" decoding=\"async\" width=\"1024\" height=\"681\" src=\"https:\/\/gsmulsum-kutenholz.de\/wp-content\/uploads\/2022\/07\/IMGP3167-1024x681.jpg\" alt=\"\" class=\"wp-image-4208\" srcset=\"https:\/\/gsmulsum-kutenholz.de\/wp-content\/uploads\/2022\/07\/IMGP3167-1024x681.jpg 1024w, https:\/\/gsmulsum-kutenholz.de\/wp-content\/uploads\/2022\/07\/IMGP3167-300x199.jpg 300w, https:\/\/gsmulsum-kutenholz.de\/wp-content\/uploads\/2022\/07\/IMGP3167-768x511.jpg 768w, https:\/\/gsmulsum-kutenholz.de\/wp-content\/uploads\/2022\/07\/IMGP3167-1536x1021.jpg 1536w, https:\/\/gsmulsum-kutenholz.de\/wp-content\/uploads\/2022\/07\/IMGP3167-2048x1362.jpg 2048w\" sizes=\"auto, (max-width: 1024px) 100vw, 1024px\" \/><\/figure>\n","protected":false},"excerpt":{"rendered":"<p>An drei Tagen setzten sich die Sch\u00fcler der Klasse 4b auf ihre Fahrr\u00e4der, um Unterricht im gr\u00fcnen Klassenzimmer zu machen. In den ersten beiden Tagen ging es in Richtung Tinste und Hesedorf in den Wald. Dort erlebten die Kinder in Naturerlebnisspielen den Wald mit allen Sinnen. B\u00e4ume wurden beklettert und ertastet, Anschleich- und Indianerspiele gespielt, [&hellip;]<\/p>\n","protected":false},"author":2,"featured_media":4204,"comment_status":"open","ping_status":"open","sticky":false,"template":"","format":"standard","meta":{"ngg_post_thumbnail":0,"footnotes":""},"categories":[5],"tags":[],"class_list":["post-4201","post","type-post","status-publish","format-standard","has-post-thumbnail","hentry","category-neuigkeiten"],"yoast_head":"<!-- This site is optimized with the Yoast SEO plugin v27.4 - https:\/\/yoast.com\/product\/yoast-seo-wordpress\/ -->\n<title>Unterwegs als Wald- und Wiesenforscher - Grundschule Mulsum - Kutenholz<\/title>\n<meta name=\"robots\" content=\"index, follow, max-snippet:-1, max-image-preview:large, max-video-preview:-1\" \/>\n<link rel=\"canonical\" href=\"https:\/\/gsmulsum-kutenholz.de\/?p=4201\" \/>\n<meta property=\"og:locale\" content=\"de_DE\" \/>\n<meta property=\"og:type\" content=\"article\" \/>\n<meta property=\"og:title\" content=\"Unterwegs als Wald- und Wiesenforscher - Grundschule Mulsum - Kutenholz\" \/>\n<meta property=\"og:description\" content=\"An drei Tagen setzten sich die Sch\u00fcler der Klasse 4b auf ihre Fahrr\u00e4der, um Unterricht im gr\u00fcnen Klassenzimmer zu machen. In den ersten beiden Tagen ging es in Richtung Tinste und Hesedorf in den Wald. Dort erlebten die Kinder in Naturerlebnisspielen den Wald mit allen Sinnen. B\u00e4ume wurden beklettert und ertastet, Anschleich- und Indianerspiele gespielt, [&hellip;]\" \/>\n<meta property=\"og:url\" content=\"https:\/\/gsmulsum-kutenholz.de\/?p=4201\" \/>\n<meta property=\"og:site_name\" content=\"Grundschule Mulsum - Kutenholz\" \/>\n<meta property=\"article:published_time\" content=\"2022-07-10T22:05:00+00:00\" \/>\n<meta property=\"article:modified_time\" content=\"2022-07-11T08:52:45+00:00\" \/>\n<meta property=\"og:image\" content=\"https:\/\/gsmulsum-kutenholz.de\/wp-content\/uploads\/2022\/07\/IMGP3248-scaled.jpg\" \/>\n\t<meta property=\"og:image:width\" content=\"1702\" \/>\n\t<meta property=\"og:image:height\" content=\"2560\" \/>\n\t<meta property=\"og:image:type\" content=\"image\/jpeg\" \/>\n<meta name=\"author\" content=\"StR\" \/>\n<meta name=\"twitter:card\" content=\"summary_large_image\" \/>\n<meta name=\"twitter:label1\" content=\"Verfasst von\" \/>\n\t<meta name=\"twitter:data1\" content=\"StR\" \/>\n\t<meta name=\"twitter:label2\" content=\"Gesch\u00e4tzte Lesezeit\" \/>\n\t<meta name=\"twitter:data2\" content=\"1\u00a0Minute\" \/>\n<script type=\"application\/ld+json\" class=\"yoast-schema-graph\">{\"@context\":\"https:\\\/\\\/schema.org\",\"@graph\":[{\"@type\":\"Article\",\"@id\":\"https:\\\/\\\/gsmulsum-kutenholz.de\\\/?p=4201#article\",\"isPartOf\":{\"@id\":\"https:\\\/\\\/gsmulsum-kutenholz.de\\\/?p=4201\"},\"author\":{\"name\":\"StR\",\"@id\":\"https:\\\/\\\/gsmulsum-kutenholz.de\\\/#\\\/schema\\\/person\\\/9392f9926f5b3febd93e4d9faad95a36\"},\"headline\":\"Unterwegs als Wald- und Wiesenforscher\",\"datePublished\":\"2022-07-10T22:05:00+00:00\",\"dateModified\":\"2022-07-11T08:52:45+00:00\",\"mainEntityOfPage\":{\"@id\":\"https:\\\/\\\/gsmulsum-kutenholz.de\\\/?p=4201\"},\"wordCount\":145,\"commentCount\":0,\"image\":{\"@id\":\"https:\\\/\\\/gsmulsum-kutenholz.de\\\/?p=4201#primaryimage\"},\"thumbnailUrl\":\"https:\\\/\\\/gsmulsum-kutenholz.de\\\/wp-content\\\/uploads\\\/2022\\\/07\\\/IMGP3248-scaled.jpg\",\"articleSection\":[\"Neuigkeiten\"],\"inLanguage\":\"de\",\"potentialAction\":[{\"@type\":\"CommentAction\",\"name\":\"Comment\",\"target\":[\"https:\\\/\\\/gsmulsum-kutenholz.de\\\/?p=4201#respond\"]}]},{\"@type\":\"WebPage\",\"@id\":\"https:\\\/\\\/gsmulsum-kutenholz.de\\\/?p=4201\",\"url\":\"https:\\\/\\\/gsmulsum-kutenholz.de\\\/?p=4201\",\"name\":\"Unterwegs als Wald- und Wiesenforscher - Grundschule Mulsum - Kutenholz\",\"isPartOf\":{\"@id\":\"https:\\\/\\\/gsmulsum-kutenholz.de\\\/#website\"},\"primaryImageOfPage\":{\"@id\":\"https:\\\/\\\/gsmulsum-kutenholz.de\\\/?p=4201#primaryimage\"},\"image\":{\"@id\":\"https:\\\/\\\/gsmulsum-kutenholz.de\\\/?p=4201#primaryimage\"},\"thumbnailUrl\":\"https:\\\/\\\/gsmulsum-kutenholz.de\\\/wp-content\\\/uploads\\\/2022\\\/07\\\/IMGP3248-scaled.jpg\",\"datePublished\":\"2022-07-10T22:05:00+00:00\",\"dateModified\":\"2022-07-11T08:52:45+00:00\",\"author\":{\"@id\":\"https:\\\/\\\/gsmulsum-kutenholz.de\\\/#\\\/schema\\\/person\\\/9392f9926f5b3febd93e4d9faad95a36\"},\"breadcrumb\":{\"@id\":\"https:\\\/\\\/gsmulsum-kutenholz.de\\\/?p=4201#breadcrumb\"},\"inLanguage\":\"de\",\"potentialAction\":[{\"@type\":\"ReadAction\",\"target\":[\"https:\\\/\\\/gsmulsum-kutenholz.de\\\/?p=4201\"]}]},{\"@type\":\"ImageObject\",\"inLanguage\":\"de\",\"@id\":\"https:\\\/\\\/gsmulsum-kutenholz.de\\\/?p=4201#primaryimage\",\"url\":\"https:\\\/\\\/gsmulsum-kutenholz.de\\\/wp-content\\\/uploads\\\/2022\\\/07\\\/IMGP3248-scaled.jpg\",\"contentUrl\":\"https:\\\/\\\/gsmulsum-kutenholz.de\\\/wp-content\\\/uploads\\\/2022\\\/07\\\/IMGP3248-scaled.jpg\",\"width\":1702,\"height\":2560},{\"@type\":\"BreadcrumbList\",\"@id\":\"https:\\\/\\\/gsmulsum-kutenholz.de\\\/?p=4201#breadcrumb\",\"itemListElement\":[{\"@type\":\"ListItem\",\"position\":1,\"name\":\"Start\",\"item\":\"https:\\\/\\\/gsmulsum-kutenholz.de\\\/\"},{\"@type\":\"ListItem\",\"position\":2,\"name\":\"Unterwegs als Wald- und Wiesenforscher\"}]},{\"@type\":\"WebSite\",\"@id\":\"https:\\\/\\\/gsmulsum-kutenholz.de\\\/#website\",\"url\":\"https:\\\/\\\/gsmulsum-kutenholz.de\\\/\",\"name\":\"Grundschule Mulsum - Kutenholz\",\"description\":\"\",\"potentialAction\":[{\"@type\":\"SearchAction\",\"target\":{\"@type\":\"EntryPoint\",\"urlTemplate\":\"https:\\\/\\\/gsmulsum-kutenholz.de\\\/?s={search_term_string}\"},\"query-input\":{\"@type\":\"PropertyValueSpecification\",\"valueRequired\":true,\"valueName\":\"search_term_string\"}}],\"inLanguage\":\"de\"},{\"@type\":\"Person\",\"@id\":\"https:\\\/\\\/gsmulsum-kutenholz.de\\\/#\\\/schema\\\/person\\\/9392f9926f5b3febd93e4d9faad95a36\",\"name\":\"StR\",\"image\":{\"@type\":\"ImageObject\",\"inLanguage\":\"de\",\"@id\":\"https:\\\/\\\/secure.gravatar.com\\\/avatar\\\/0f83786356390a9b9f34eec58b2e212e708162c990f07d5dd21c9104fcf44663?s=96&d=mm&r=g\",\"url\":\"https:\\\/\\\/secure.gravatar.com\\\/avatar\\\/0f83786356390a9b9f34eec58b2e212e708162c990f07d5dd21c9104fcf44663?s=96&d=mm&r=g\",\"contentUrl\":\"https:\\\/\\\/secure.gravatar.com\\\/avatar\\\/0f83786356390a9b9f34eec58b2e212e708162c990f07d5dd21c9104fcf44663?s=96&d=mm&r=g\",\"caption\":\"StR\"},\"url\":\"https:\\\/\\\/gsmulsum-kutenholz.de\\\/?author=2\"}]}<\/script>\n<!-- \/ Yoast SEO plugin. -->","yoast_head_json":{"title":"Unterwegs als Wald- und Wiesenforscher - Grundschule Mulsum - Kutenholz","robots":{"index":"index","follow":"follow","max-snippet":"max-snippet:-1","max-image-preview":"max-image-preview:large","max-video-preview":"max-video-preview:-1"},"canonical":"https:\/\/gsmulsum-kutenholz.de\/?p=4201","og_locale":"de_DE","og_type":"article","og_title":"Unterwegs als Wald- und Wiesenforscher - Grundschule Mulsum - Kutenholz","og_description":"An drei Tagen setzten sich die Sch\u00fcler der Klasse 4b auf ihre Fahrr\u00e4der, um Unterricht im gr\u00fcnen Klassenzimmer zu machen. In den ersten beiden Tagen ging es in Richtung Tinste und Hesedorf in den Wald. Dort erlebten die Kinder in Naturerlebnisspielen den Wald mit allen Sinnen. B\u00e4ume wurden beklettert und ertastet, Anschleich- und Indianerspiele gespielt, [&hellip;]","og_url":"https:\/\/gsmulsum-kutenholz.de\/?p=4201","og_site_name":"Grundschule Mulsum - Kutenholz","article_published_time":"2022-07-10T22:05:00+00:00","article_modified_time":"2022-07-11T08:52:45+00:00","og_image":[{"width":1702,"height":2560,"url":"https:\/\/gsmulsum-kutenholz.de\/wp-content\/uploads\/2022\/07\/IMGP3248-scaled.jpg","type":"image\/jpeg"}],"author":"StR","twitter_card":"summary_large_image","twitter_misc":{"Verfasst von":"StR","Gesch\u00e4tzte Lesezeit":"1\u00a0Minute"},"schema":{"@context":"https:\/\/schema.org","@graph":[{"@type":"Article","@id":"https:\/\/gsmulsum-kutenholz.de\/?p=4201#article","isPartOf":{"@id":"https:\/\/gsmulsum-kutenholz.de\/?p=4201"},"author":{"name":"StR","@id":"https:\/\/gsmulsum-kutenholz.de\/#\/schema\/person\/9392f9926f5b3febd93e4d9faad95a36"},"headline":"Unterwegs als Wald- und Wiesenforscher","datePublished":"2022-07-10T22:05:00+00:00","dateModified":"2022-07-11T08:52:45+00:00","mainEntityOfPage":{"@id":"https:\/\/gsmulsum-kutenholz.de\/?p=4201"},"wordCount":145,"commentCount":0,"image":{"@id":"https:\/\/gsmulsum-kutenholz.de\/?p=4201#primaryimage"},"thumbnailUrl":"https:\/\/gsmulsum-kutenholz.de\/wp-content\/uploads\/2022\/07\/IMGP3248-scaled.jpg","articleSection":["Neuigkeiten"],"inLanguage":"de","potentialAction":[{"@type":"CommentAction","name":"Comment","target":["https:\/\/gsmulsum-kutenholz.de\/?p=4201#respond"]}]},{"@type":"WebPage","@id":"https:\/\/gsmulsum-kutenholz.de\/?p=4201","url":"https:\/\/gsmulsum-kutenholz.de\/?p=4201","name":"Unterwegs als Wald- und Wiesenforscher - Grundschule Mulsum - Kutenholz","isPartOf":{"@id":"https:\/\/gsmulsum-kutenholz.de\/#website"},"primaryImageOfPage":{"@id":"https:\/\/gsmulsum-kutenholz.de\/?p=4201#primaryimage"},"image":{"@id":"https:\/\/gsmulsum-kutenholz.de\/?p=4201#primaryimage"},"thumbnailUrl":"https:\/\/gsmulsum-kutenholz.de\/wp-content\/uploads\/2022\/07\/IMGP3248-scaled.jpg","datePublished":"2022-07-10T22:05:00+00:00","dateModified":"2022-07-11T08:52:45+00:00","author":{"@id":"https:\/\/gsmulsum-kutenholz.de\/#\/schema\/person\/9392f9926f5b3febd93e4d9faad95a36"},"breadcrumb":{"@id":"https:\/\/gsmulsum-kutenholz.de\/?p=4201#breadcrumb"},"inLanguage":"de","potentialAction":[{"@type":"ReadAction","target":["https:\/\/gsmulsum-kutenholz.de\/?p=4201"]}]},{"@type":"ImageObject","inLanguage":"de","@id":"https:\/\/gsmulsum-kutenholz.de\/?p=4201#primaryimage","url":"https:\/\/gsmulsum-kutenholz.de\/wp-content\/uploads\/2022\/07\/IMGP3248-scaled.jpg","contentUrl":"https:\/\/gsmulsum-kutenholz.de\/wp-content\/uploads\/2022\/07\/IMGP3248-scaled.jpg","width":1702,"height":2560},{"@type":"BreadcrumbList","@id":"https:\/\/gsmulsum-kutenholz.de\/?p=4201#breadcrumb","itemListElement":[{"@type":"ListItem","position":1,"name":"Start","item":"https:\/\/gsmulsum-kutenholz.de\/"},{"@type":"ListItem","position":2,"name":"Unterwegs als Wald- und Wiesenforscher"}]},{"@type":"WebSite","@id":"https:\/\/gsmulsum-kutenholz.de\/#website","url":"https:\/\/gsmulsum-kutenholz.de\/","name":"Grundschule Mulsum - Kutenholz","description":"","potentialAction":[{"@type":"SearchAction","target":{"@type":"EntryPoint","urlTemplate":"https:\/\/gsmulsum-kutenholz.de\/?s={search_term_string}"},"query-input":{"@type":"PropertyValueSpecification","valueRequired":true,"valueName":"search_term_string"}}],"inLanguage":"de"},{"@type":"Person","@id":"https:\/\/gsmulsum-kutenholz.de\/#\/schema\/person\/9392f9926f5b3febd93e4d9faad95a36","name":"StR","image":{"@type":"ImageObject","inLanguage":"de","@id":"https:\/\/secure.gravatar.com\/avatar\/0f83786356390a9b9f34eec58b2e212e708162c990f07d5dd21c9104fcf44663?s=96&d=mm&r=g","url":"https:\/\/secure.gravatar.com\/avatar\/0f83786356390a9b9f34eec58b2e212e708162c990f07d5dd21c9104fcf44663?s=96&d=mm&r=g","contentUrl":"https:\/\/secure.gravatar.com\/avatar\/0f83786356390a9b9f34eec58b2e212e708162c990f07d5dd21c9104fcf44663?s=96&d=mm&r=g","caption":"StR"},"url":"https:\/\/gsmulsum-kutenholz.de\/?author=2"}]}},"_links":{"self":[{"href":"https:\/\/gsmulsum-kutenholz.de\/index.php?rest_route=\/wp\/v2\/posts\/4201","targetHints":{"allow":["GET"]}}],"collection":[{"href":"https:\/\/gsmulsum-kutenholz.de\/index.php?rest_route=\/wp\/v2\/posts"}],"about":[{"href":"https:\/\/gsmulsum-kutenholz.de\/index.php?rest_route=\/wp\/v2\/types\/post"}],"author":[{"embeddable":true,"href":"https:\/\/gsmulsum-kutenholz.de\/index.php?rest_route=\/wp\/v2\/users\/2"}],"replies":[{"embeddable":true,"href":"https:\/\/gsmulsum-kutenholz.de\/index.php?rest_route=%2Fwp%2Fv2%2Fcomments&post=4201"}],"version-history":[{"count":3,"href":"https:\/\/gsmulsum-kutenholz.de\/index.php?rest_route=\/wp\/v2\/posts\/4201\/revisions"}],"predecessor-version":[{"id":4209,"href":"https:\/\/gsmulsum-kutenholz.de\/index.php?rest_route=\/wp\/v2\/posts\/4201\/revisions\/4209"}],"wp:featuredmedia":[{"embeddable":true,"href":"https:\/\/gsmulsum-kutenholz.de\/index.php?rest_route=\/wp\/v2\/media\/4204"}],"wp:attachment":[{"href":"https:\/\/gsmulsum-kutenholz.de\/index.php?rest_route=%2Fwp%2Fv2%2Fmedia&parent=4201"}],"wp:term":[{"taxonomy":"category","embeddable":true,"href":"https:\/\/gsmulsum-kutenholz.de\/index.php?rest_route=%2Fwp%2Fv2%2Fcategories&post=4201"},{"taxonomy":"post_tag","embeddable":true,"href":"https:\/\/gsmulsum-kutenholz.de\/index.php?rest_route=%2Fwp%2Fv2%2Ftags&post=4201"}],"curies":[{"name":"wp","href":"https:\/\/api.w.org\/{rel}","templated":true}]}}