{"id":4253,"date":"2022-12-20T09:24:00","date_gmt":"2022-12-20T07:24:00","guid":{"rendered":"https:\/\/gsmulsum-kutenholz.de\/?p=4253"},"modified":"2023-01-13T09:27:29","modified_gmt":"2023-01-13T07:27:29","slug":"gruesse-zum-jahreswechsel","status":"publish","type":"post","link":"https:\/\/gsmulsum-kutenholz.de\/?p=4253","title":{"rendered":"Gr\u00fc\u00dfe zum Jahreswechsel"},"content":{"rendered":"\n<p><strong>Liebe Sch\u00fclerinnen und Sch\u00fcler,<\/strong><\/p>\n\n\n\n<p><strong>liebe Lehrerinnen und Lehrer, liebe Eltern, liebe Ehemalige und liebe Interessierte,<\/strong><\/p>\n\n\n\n<p>das Jahr 2022 neigt sich nun dem Ende entgegen und wir sind mittendrin in der allj\u00e4hrlichen Weihnachtszeit. Zeit f\u00fcr uns noch einmal bei allen, die uns in diesem Jahr begleitet und unterst\u00fctzt haben, Danke zu sagen!<\/p>\n\n\n\n<p>Auch in diesem Schuljahr haben wir tolle Projekte und Veranstaltungen durchgef\u00fchrt, die das Schulleben in vielerlei Hinsicht endlich wieder bereichert haben. Jetzt sind nun erst einmal die wohlverdienten Weihnachtsferien an der Reihe, in denen wir wieder Kraft und Energie f\u00fcr das neue Jahr sammeln m\u00f6chten.<\/p>\n\n\n\n<p>Wir als Team der Grundschule Mulsum-Kutenholz w\u00fcnschen Ihnen\/Euch daher eine besinnliche und sch\u00f6ne Weihnachtszeit im Kreise der Familie sowie einen guten Rutsch in das neue Jahr 2020.<\/p>\n\n\n\n<p>W<strong>ir freuen uns auf ein Wiedersehen im Jahr 2023!<\/strong><\/p>\n\n\n\n<figure class=\"wp-block-image size-large\"><img loading=\"lazy\" decoding=\"async\" width=\"1024\" height=\"297\" src=\"https:\/\/gsmulsum-kutenholz.de\/wp-content\/uploads\/2023\/01\/pip-1024x297.png\" alt=\"\" class=\"wp-image-4254\" srcset=\"https:\/\/gsmulsum-kutenholz.de\/wp-content\/uploads\/2023\/01\/pip-1024x297.png 1024w, https:\/\/gsmulsum-kutenholz.de\/wp-content\/uploads\/2023\/01\/pip-300x87.png 300w, https:\/\/gsmulsum-kutenholz.de\/wp-content\/uploads\/2023\/01\/pip-768x223.png 768w, https:\/\/gsmulsum-kutenholz.de\/wp-content\/uploads\/2023\/01\/pip.png 1385w\" sizes=\"auto, (max-width: 1024px) 100vw, 1024px\" \/><\/figure>\n","protected":false},"excerpt":{"rendered":"<p>Liebe Sch\u00fclerinnen und Sch\u00fcler, liebe Lehrerinnen und Lehrer, liebe Eltern, liebe Ehemalige und liebe Interessierte, das Jahr 2022 neigt sich nun dem Ende entgegen und wir sind mittendrin in der allj\u00e4hrlichen Weihnachtszeit. Zeit f\u00fcr uns noch einmal bei allen, die uns in diesem Jahr begleitet und unterst\u00fctzt haben, Danke zu sagen! Auch in diesem Schuljahr [&hellip;]<\/p>\n","protected":false},"author":2,"featured_media":3699,"comment_status":"open","ping_status":"open","sticky":false,"template":"","format":"standard","meta":{"ngg_post_thumbnail":0,"footnotes":""},"categories":[5],"tags":[],"class_list":["post-4253","post","type-post","status-publish","format-standard","has-post-thumbnail","hentry","category-neuigkeiten"],"yoast_head":"<!-- This site is optimized with the Yoast SEO plugin v27.4 - https:\/\/yoast.com\/product\/yoast-seo-wordpress\/ -->\n<title>Gr\u00fc\u00dfe zum Jahreswechsel - Grundschule Mulsum - Kutenholz<\/title>\n<meta name=\"robots\" content=\"index, follow, max-snippet:-1, max-image-preview:large, max-video-preview:-1\" \/>\n<link rel=\"canonical\" href=\"https:\/\/gsmulsum-kutenholz.de\/?p=4253\" \/>\n<meta property=\"og:locale\" content=\"de_DE\" \/>\n<meta property=\"og:type\" content=\"article\" \/>\n<meta property=\"og:title\" content=\"Gr\u00fc\u00dfe zum Jahreswechsel - Grundschule Mulsum - Kutenholz\" \/>\n<meta property=\"og:description\" content=\"Liebe Sch\u00fclerinnen und Sch\u00fcler, liebe Lehrerinnen und Lehrer, liebe Eltern, liebe Ehemalige und liebe Interessierte, das Jahr 2022 neigt sich nun dem Ende entgegen und wir sind mittendrin in der allj\u00e4hrlichen Weihnachtszeit. Zeit f\u00fcr uns noch einmal bei allen, die uns in diesem Jahr begleitet und unterst\u00fctzt haben, Danke zu sagen! Auch in diesem Schuljahr [&hellip;]\" \/>\n<meta property=\"og:url\" content=\"https:\/\/gsmulsum-kutenholz.de\/?p=4253\" \/>\n<meta property=\"og:site_name\" content=\"Grundschule Mulsum - Kutenholz\" \/>\n<meta property=\"article:published_time\" content=\"2022-12-20T07:24:00+00:00\" \/>\n<meta property=\"article:modified_time\" content=\"2023-01-13T07:27:29+00:00\" \/>\n<meta property=\"og:image\" content=\"https:\/\/gsmulsum-kutenholz.de\/wp-content\/uploads\/2020\/12\/weihnachten-1.jpg\" \/>\n\t<meta property=\"og:image:width\" content=\"1\" \/>\n\t<meta property=\"og:image:height\" content=\"1\" \/>\n\t<meta property=\"og:image:type\" content=\"image\/jpeg\" \/>\n<meta name=\"author\" content=\"StR\" \/>\n<meta name=\"twitter:card\" content=\"summary_large_image\" \/>\n<meta name=\"twitter:label1\" content=\"Verfasst von\" \/>\n\t<meta name=\"twitter:data1\" content=\"StR\" \/>\n\t<meta name=\"twitter:label2\" content=\"Gesch\u00e4tzte Lesezeit\" \/>\n\t<meta name=\"twitter:data2\" content=\"1\u00a0Minute\" \/>\n<script type=\"application\/ld+json\" class=\"yoast-schema-graph\">{\"@context\":\"https:\\\/\\\/schema.org\",\"@graph\":[{\"@type\":\"Article\",\"@id\":\"https:\\\/\\\/gsmulsum-kutenholz.de\\\/?p=4253#article\",\"isPartOf\":{\"@id\":\"https:\\\/\\\/gsmulsum-kutenholz.de\\\/?p=4253\"},\"author\":{\"name\":\"StR\",\"@id\":\"https:\\\/\\\/gsmulsum-kutenholz.de\\\/#\\\/schema\\\/person\\\/9392f9926f5b3febd93e4d9faad95a36\"},\"headline\":\"Gr\u00fc\u00dfe zum Jahreswechsel\",\"datePublished\":\"2022-12-20T07:24:00+00:00\",\"dateModified\":\"2023-01-13T07:27:29+00:00\",\"mainEntityOfPage\":{\"@id\":\"https:\\\/\\\/gsmulsum-kutenholz.de\\\/?p=4253\"},\"wordCount\":144,\"commentCount\":0,\"image\":{\"@id\":\"https:\\\/\\\/gsmulsum-kutenholz.de\\\/?p=4253#primaryimage\"},\"thumbnailUrl\":\"https:\\\/\\\/gsmulsum-kutenholz.de\\\/wp-content\\\/uploads\\\/2020\\\/12\\\/weihnachten-1.jpg\",\"articleSection\":[\"Neuigkeiten\"],\"inLanguage\":\"de\",\"potentialAction\":[{\"@type\":\"CommentAction\",\"name\":\"Comment\",\"target\":[\"https:\\\/\\\/gsmulsum-kutenholz.de\\\/?p=4253#respond\"]}]},{\"@type\":\"WebPage\",\"@id\":\"https:\\\/\\\/gsmulsum-kutenholz.de\\\/?p=4253\",\"url\":\"https:\\\/\\\/gsmulsum-kutenholz.de\\\/?p=4253\",\"name\":\"Gr\u00fc\u00dfe zum Jahreswechsel - Grundschule Mulsum - Kutenholz\",\"isPartOf\":{\"@id\":\"https:\\\/\\\/gsmulsum-kutenholz.de\\\/#website\"},\"primaryImageOfPage\":{\"@id\":\"https:\\\/\\\/gsmulsum-kutenholz.de\\\/?p=4253#primaryimage\"},\"image\":{\"@id\":\"https:\\\/\\\/gsmulsum-kutenholz.de\\\/?p=4253#primaryimage\"},\"thumbnailUrl\":\"https:\\\/\\\/gsmulsum-kutenholz.de\\\/wp-content\\\/uploads\\\/2020\\\/12\\\/weihnachten-1.jpg\",\"datePublished\":\"2022-12-20T07:24:00+00:00\",\"dateModified\":\"2023-01-13T07:27:29+00:00\",\"author\":{\"@id\":\"https:\\\/\\\/gsmulsum-kutenholz.de\\\/#\\\/schema\\\/person\\\/9392f9926f5b3febd93e4d9faad95a36\"},\"breadcrumb\":{\"@id\":\"https:\\\/\\\/gsmulsum-kutenholz.de\\\/?p=4253#breadcrumb\"},\"inLanguage\":\"de\",\"potentialAction\":[{\"@type\":\"ReadAction\",\"target\":[\"https:\\\/\\\/gsmulsum-kutenholz.de\\\/?p=4253\"]}]},{\"@type\":\"ImageObject\",\"inLanguage\":\"de\",\"@id\":\"https:\\\/\\\/gsmulsum-kutenholz.de\\\/?p=4253#primaryimage\",\"url\":\"https:\\\/\\\/gsmulsum-kutenholz.de\\\/wp-content\\\/uploads\\\/2020\\\/12\\\/weihnachten-1.jpg\",\"contentUrl\":\"https:\\\/\\\/gsmulsum-kutenholz.de\\\/wp-content\\\/uploads\\\/2020\\\/12\\\/weihnachten-1.jpg\"},{\"@type\":\"BreadcrumbList\",\"@id\":\"https:\\\/\\\/gsmulsum-kutenholz.de\\\/?p=4253#breadcrumb\",\"itemListElement\":[{\"@type\":\"ListItem\",\"position\":1,\"name\":\"Start\",\"item\":\"https:\\\/\\\/gsmulsum-kutenholz.de\\\/\"},{\"@type\":\"ListItem\",\"position\":2,\"name\":\"Gr\u00fc\u00dfe zum Jahreswechsel\"}]},{\"@type\":\"WebSite\",\"@id\":\"https:\\\/\\\/gsmulsum-kutenholz.de\\\/#website\",\"url\":\"https:\\\/\\\/gsmulsum-kutenholz.de\\\/\",\"name\":\"Grundschule Mulsum - Kutenholz\",\"description\":\"\",\"potentialAction\":[{\"@type\":\"SearchAction\",\"target\":{\"@type\":\"EntryPoint\",\"urlTemplate\":\"https:\\\/\\\/gsmulsum-kutenholz.de\\\/?s={search_term_string}\"},\"query-input\":{\"@type\":\"PropertyValueSpecification\",\"valueRequired\":true,\"valueName\":\"search_term_string\"}}],\"inLanguage\":\"de\"},{\"@type\":\"Person\",\"@id\":\"https:\\\/\\\/gsmulsum-kutenholz.de\\\/#\\\/schema\\\/person\\\/9392f9926f5b3febd93e4d9faad95a36\",\"name\":\"StR\",\"image\":{\"@type\":\"ImageObject\",\"inLanguage\":\"de\",\"@id\":\"https:\\\/\\\/secure.gravatar.com\\\/avatar\\\/0f83786356390a9b9f34eec58b2e212e708162c990f07d5dd21c9104fcf44663?s=96&d=mm&r=g\",\"url\":\"https:\\\/\\\/secure.gravatar.com\\\/avatar\\\/0f83786356390a9b9f34eec58b2e212e708162c990f07d5dd21c9104fcf44663?s=96&d=mm&r=g\",\"contentUrl\":\"https:\\\/\\\/secure.gravatar.com\\\/avatar\\\/0f83786356390a9b9f34eec58b2e212e708162c990f07d5dd21c9104fcf44663?s=96&d=mm&r=g\",\"caption\":\"StR\"},\"url\":\"https:\\\/\\\/gsmulsum-kutenholz.de\\\/?author=2\"}]}<\/script>\n<!-- \/ Yoast SEO plugin. -->","yoast_head_json":{"title":"Gr\u00fc\u00dfe zum Jahreswechsel - Grundschule Mulsum - Kutenholz","robots":{"index":"index","follow":"follow","max-snippet":"max-snippet:-1","max-image-preview":"max-image-preview:large","max-video-preview":"max-video-preview:-1"},"canonical":"https:\/\/gsmulsum-kutenholz.de\/?p=4253","og_locale":"de_DE","og_type":"article","og_title":"Gr\u00fc\u00dfe zum Jahreswechsel - Grundschule Mulsum - Kutenholz","og_description":"Liebe Sch\u00fclerinnen und Sch\u00fcler, liebe Lehrerinnen und Lehrer, liebe Eltern, liebe Ehemalige und liebe Interessierte, das Jahr 2022 neigt sich nun dem Ende entgegen und wir sind mittendrin in der allj\u00e4hrlichen Weihnachtszeit. Zeit f\u00fcr uns noch einmal bei allen, die uns in diesem Jahr begleitet und unterst\u00fctzt haben, Danke zu sagen! Auch in diesem Schuljahr [&hellip;]","og_url":"https:\/\/gsmulsum-kutenholz.de\/?p=4253","og_site_name":"Grundschule Mulsum - Kutenholz","article_published_time":"2022-12-20T07:24:00+00:00","article_modified_time":"2023-01-13T07:27:29+00:00","og_image":[{"url":"https:\/\/gsmulsum-kutenholz.de\/wp-content\/uploads\/2020\/12\/weihnachten-1.jpg","width":1,"height":1,"type":"image\/jpeg"}],"author":"StR","twitter_card":"summary_large_image","twitter_misc":{"Verfasst von":"StR","Gesch\u00e4tzte Lesezeit":"1\u00a0Minute"},"schema":{"@context":"https:\/\/schema.org","@graph":[{"@type":"Article","@id":"https:\/\/gsmulsum-kutenholz.de\/?p=4253#article","isPartOf":{"@id":"https:\/\/gsmulsum-kutenholz.de\/?p=4253"},"author":{"name":"StR","@id":"https:\/\/gsmulsum-kutenholz.de\/#\/schema\/person\/9392f9926f5b3febd93e4d9faad95a36"},"headline":"Gr\u00fc\u00dfe zum Jahreswechsel","datePublished":"2022-12-20T07:24:00+00:00","dateModified":"2023-01-13T07:27:29+00:00","mainEntityOfPage":{"@id":"https:\/\/gsmulsum-kutenholz.de\/?p=4253"},"wordCount":144,"commentCount":0,"image":{"@id":"https:\/\/gsmulsum-kutenholz.de\/?p=4253#primaryimage"},"thumbnailUrl":"https:\/\/gsmulsum-kutenholz.de\/wp-content\/uploads\/2020\/12\/weihnachten-1.jpg","articleSection":["Neuigkeiten"],"inLanguage":"de","potentialAction":[{"@type":"CommentAction","name":"Comment","target":["https:\/\/gsmulsum-kutenholz.de\/?p=4253#respond"]}]},{"@type":"WebPage","@id":"https:\/\/gsmulsum-kutenholz.de\/?p=4253","url":"https:\/\/gsmulsum-kutenholz.de\/?p=4253","name":"Gr\u00fc\u00dfe zum Jahreswechsel - Grundschule Mulsum - Kutenholz","isPartOf":{"@id":"https:\/\/gsmulsum-kutenholz.de\/#website"},"primaryImageOfPage":{"@id":"https:\/\/gsmulsum-kutenholz.de\/?p=4253#primaryimage"},"image":{"@id":"https:\/\/gsmulsum-kutenholz.de\/?p=4253#primaryimage"},"thumbnailUrl":"https:\/\/gsmulsum-kutenholz.de\/wp-content\/uploads\/2020\/12\/weihnachten-1.jpg","datePublished":"2022-12-20T07:24:00+00:00","dateModified":"2023-01-13T07:27:29+00:00","author":{"@id":"https:\/\/gsmulsum-kutenholz.de\/#\/schema\/person\/9392f9926f5b3febd93e4d9faad95a36"},"breadcrumb":{"@id":"https:\/\/gsmulsum-kutenholz.de\/?p=4253#breadcrumb"},"inLanguage":"de","potentialAction":[{"@type":"ReadAction","target":["https:\/\/gsmulsum-kutenholz.de\/?p=4253"]}]},{"@type":"ImageObject","inLanguage":"de","@id":"https:\/\/gsmulsum-kutenholz.de\/?p=4253#primaryimage","url":"https:\/\/gsmulsum-kutenholz.de\/wp-content\/uploads\/2020\/12\/weihnachten-1.jpg","contentUrl":"https:\/\/gsmulsum-kutenholz.de\/wp-content\/uploads\/2020\/12\/weihnachten-1.jpg"},{"@type":"BreadcrumbList","@id":"https:\/\/gsmulsum-kutenholz.de\/?p=4253#breadcrumb","itemListElement":[{"@type":"ListItem","position":1,"name":"Start","item":"https:\/\/gsmulsum-kutenholz.de\/"},{"@type":"ListItem","position":2,"name":"Gr\u00fc\u00dfe zum Jahreswechsel"}]},{"@type":"WebSite","@id":"https:\/\/gsmulsum-kutenholz.de\/#website","url":"https:\/\/gsmulsum-kutenholz.de\/","name":"Grundschule Mulsum - Kutenholz","description":"","potentialAction":[{"@type":"SearchAction","target":{"@type":"EntryPoint","urlTemplate":"https:\/\/gsmulsum-kutenholz.de\/?s={search_term_string}"},"query-input":{"@type":"PropertyValueSpecification","valueRequired":true,"valueName":"search_term_string"}}],"inLanguage":"de"},{"@type":"Person","@id":"https:\/\/gsmulsum-kutenholz.de\/#\/schema\/person\/9392f9926f5b3febd93e4d9faad95a36","name":"StR","image":{"@type":"ImageObject","inLanguage":"de","@id":"https:\/\/secure.gravatar.com\/avatar\/0f83786356390a9b9f34eec58b2e212e708162c990f07d5dd21c9104fcf44663?s=96&d=mm&r=g","url":"https:\/\/secure.gravatar.com\/avatar\/0f83786356390a9b9f34eec58b2e212e708162c990f07d5dd21c9104fcf44663?s=96&d=mm&r=g","contentUrl":"https:\/\/secure.gravatar.com\/avatar\/0f83786356390a9b9f34eec58b2e212e708162c990f07d5dd21c9104fcf44663?s=96&d=mm&r=g","caption":"StR"},"url":"https:\/\/gsmulsum-kutenholz.de\/?author=2"}]}},"_links":{"self":[{"href":"https:\/\/gsmulsum-kutenholz.de\/index.php?rest_route=\/wp\/v2\/posts\/4253","targetHints":{"allow":["GET"]}}],"collection":[{"href":"https:\/\/gsmulsum-kutenholz.de\/index.php?rest_route=\/wp\/v2\/posts"}],"about":[{"href":"https:\/\/gsmulsum-kutenholz.de\/index.php?rest_route=\/wp\/v2\/types\/post"}],"author":[{"embeddable":true,"href":"https:\/\/gsmulsum-kutenholz.de\/index.php?rest_route=\/wp\/v2\/users\/2"}],"replies":[{"embeddable":true,"href":"https:\/\/gsmulsum-kutenholz.de\/index.php?rest_route=%2Fwp%2Fv2%2Fcomments&post=4253"}],"version-history":[{"count":2,"href":"https:\/\/gsmulsum-kutenholz.de\/index.php?rest_route=\/wp\/v2\/posts\/4253\/revisions"}],"predecessor-version":[{"id":4256,"href":"https:\/\/gsmulsum-kutenholz.de\/index.php?rest_route=\/wp\/v2\/posts\/4253\/revisions\/4256"}],"wp:featuredmedia":[{"embeddable":true,"href":"https:\/\/gsmulsum-kutenholz.de\/index.php?rest_route=\/wp\/v2\/media\/3699"}],"wp:attachment":[{"href":"https:\/\/gsmulsum-kutenholz.de\/index.php?rest_route=%2Fwp%2Fv2%2Fmedia&parent=4253"}],"wp:term":[{"taxonomy":"category","embeddable":true,"href":"https:\/\/gsmulsum-kutenholz.de\/index.php?rest_route=%2Fwp%2Fv2%2Fcategories&post=4253"},{"taxonomy":"post_tag","embeddable":true,"href":"https:\/\/gsmulsum-kutenholz.de\/index.php?rest_route=%2Fwp%2Fv2%2Ftags&post=4253"}],"curies":[{"name":"wp","href":"https:\/\/api.w.org\/{rel}","templated":true}]}}