{"id":4353,"date":"2023-03-24T19:29:37","date_gmt":"2023-03-24T17:29:37","guid":{"rendered":"https:\/\/gsmulsum-kutenholz.de\/?p=4353"},"modified":"2023-03-24T21:07:42","modified_gmt":"2023-03-24T19:07:42","slug":"leben-zur-zeit-jesu","status":"publish","type":"post","link":"https:\/\/gsmulsum-kutenholz.de\/?p=4353","title":{"rendered":"Leben zur Zeit Jesu"},"content":{"rendered":"\n<p>Im Februar haben sich die Klassen E1 und E2 im Religionsunterricht mit dem Leben zur Zeit Jesu besch\u00e4ftigt. An einem Tag haben die Kinder in zwei Gruppen Fladenbrote gebacken und H\u00e4user f\u00fcr eine Stadt aus Salzteig gebaut. Die Fladenbrote waren sehr lecker und die nachgebaute Stadt steht im Flur und kann besichtigt werden.<\/p>\n\n\n\n<figure class=\"wp-block-image size-large\"><img loading=\"lazy\" decoding=\"async\" width=\"768\" height=\"1024\" src=\"https:\/\/gsmulsum-kutenholz.de\/wp-content\/uploads\/2023\/03\/20230202_100908-768x1024.jpg\" alt=\"\" class=\"wp-image-4354\" srcset=\"https:\/\/gsmulsum-kutenholz.de\/wp-content\/uploads\/2023\/03\/20230202_100908-768x1024.jpg 768w, https:\/\/gsmulsum-kutenholz.de\/wp-content\/uploads\/2023\/03\/20230202_100908-225x300.jpg 225w, https:\/\/gsmulsum-kutenholz.de\/wp-content\/uploads\/2023\/03\/20230202_100908-1152x1536.jpg 1152w, https:\/\/gsmulsum-kutenholz.de\/wp-content\/uploads\/2023\/03\/20230202_100908-1536x2048.jpg 1536w, https:\/\/gsmulsum-kutenholz.de\/wp-content\/uploads\/2023\/03\/20230202_100908-rotated.jpg 1875w\" sizes=\"auto, (max-width: 768px) 100vw, 768px\" \/><\/figure>\n\n\n\n<figure class=\"wp-block-image size-large\"><img loading=\"lazy\" decoding=\"async\" width=\"768\" height=\"1024\" src=\"https:\/\/gsmulsum-kutenholz.de\/wp-content\/uploads\/2023\/03\/20230202_101124-768x1024.jpg\" alt=\"\" class=\"wp-image-4355\" srcset=\"https:\/\/gsmulsum-kutenholz.de\/wp-content\/uploads\/2023\/03\/20230202_101124-768x1024.jpg 768w, https:\/\/gsmulsum-kutenholz.de\/wp-content\/uploads\/2023\/03\/20230202_101124-225x300.jpg 225w, https:\/\/gsmulsum-kutenholz.de\/wp-content\/uploads\/2023\/03\/20230202_101124-1152x1536.jpg 1152w, https:\/\/gsmulsum-kutenholz.de\/wp-content\/uploads\/2023\/03\/20230202_101124-1536x2048.jpg 1536w, https:\/\/gsmulsum-kutenholz.de\/wp-content\/uploads\/2023\/03\/20230202_101124-rotated.jpg 1875w\" sizes=\"auto, (max-width: 768px) 100vw, 768px\" \/><\/figure>\n\n\n\n<figure class=\"wp-block-image size-large\"><img loading=\"lazy\" decoding=\"async\" width=\"768\" height=\"1024\" src=\"https:\/\/gsmulsum-kutenholz.de\/wp-content\/uploads\/2023\/03\/20230202_112402-768x1024.jpg\" alt=\"\" class=\"wp-image-4356\" srcset=\"https:\/\/gsmulsum-kutenholz.de\/wp-content\/uploads\/2023\/03\/20230202_112402-768x1024.jpg 768w, https:\/\/gsmulsum-kutenholz.de\/wp-content\/uploads\/2023\/03\/20230202_112402-225x300.jpg 225w, https:\/\/gsmulsum-kutenholz.de\/wp-content\/uploads\/2023\/03\/20230202_112402-1152x1536.jpg 1152w, https:\/\/gsmulsum-kutenholz.de\/wp-content\/uploads\/2023\/03\/20230202_112402-1536x2048.jpg 1536w, https:\/\/gsmulsum-kutenholz.de\/wp-content\/uploads\/2023\/03\/20230202_112402-rotated.jpg 1875w\" sizes=\"auto, (max-width: 768px) 100vw, 768px\" \/><\/figure>\n\n\n\n<figure class=\"wp-block-image size-large\"><img loading=\"lazy\" decoding=\"async\" width=\"768\" height=\"1024\" src=\"https:\/\/gsmulsum-kutenholz.de\/wp-content\/uploads\/2023\/03\/20230321_131557-768x1024.jpg\" alt=\"\" class=\"wp-image-4381\" srcset=\"https:\/\/gsmulsum-kutenholz.de\/wp-content\/uploads\/2023\/03\/20230321_131557-768x1024.jpg 768w, https:\/\/gsmulsum-kutenholz.de\/wp-content\/uploads\/2023\/03\/20230321_131557-225x300.jpg 225w, https:\/\/gsmulsum-kutenholz.de\/wp-content\/uploads\/2023\/03\/20230321_131557-1152x1536.jpg 1152w, https:\/\/gsmulsum-kutenholz.de\/wp-content\/uploads\/2023\/03\/20230321_131557-1536x2048.jpg 1536w, https:\/\/gsmulsum-kutenholz.de\/wp-content\/uploads\/2023\/03\/20230321_131557-rotated.jpg 1875w\" sizes=\"auto, (max-width: 768px) 100vw, 768px\" \/><\/figure>\n\n\n\n<figure class=\"wp-block-image size-large\"><img loading=\"lazy\" decoding=\"async\" width=\"1024\" height=\"768\" src=\"https:\/\/gsmulsum-kutenholz.de\/wp-content\/uploads\/2023\/03\/20230321_131618-1-1024x768.jpg\" alt=\"\" class=\"wp-image-4384\" srcset=\"https:\/\/gsmulsum-kutenholz.de\/wp-content\/uploads\/2023\/03\/20230321_131618-1-1024x768.jpg 1024w, https:\/\/gsmulsum-kutenholz.de\/wp-content\/uploads\/2023\/03\/20230321_131618-1-300x225.jpg 300w, https:\/\/gsmulsum-kutenholz.de\/wp-content\/uploads\/2023\/03\/20230321_131618-1-768x576.jpg 768w, https:\/\/gsmulsum-kutenholz.de\/wp-content\/uploads\/2023\/03\/20230321_131618-1-1536x1152.jpg 1536w, https:\/\/gsmulsum-kutenholz.de\/wp-content\/uploads\/2023\/03\/20230321_131618-1-2048x1536.jpg 2048w\" sizes=\"auto, (max-width: 1024px) 100vw, 1024px\" \/><\/figure>\n\n\n","protected":false},"excerpt":{"rendered":"<p>Im Februar haben sich die Klassen E1 und E2 im Religionsunterricht mit dem Leben zur Zeit Jesu besch\u00e4ftigt. An einem Tag haben die Kinder in zwei Gruppen Fladenbrote gebacken und H\u00e4user f\u00fcr eine Stadt aus Salzteig gebaut. Die Fladenbrote waren sehr lecker und die nachgebaute Stadt steht im Flur und kann besichtigt werden.<\/p>\n","protected":false},"author":2,"featured_media":209,"comment_status":"open","ping_status":"open","sticky":false,"template":"","format":"standard","meta":{"ngg_post_thumbnail":0,"footnotes":""},"categories":[5],"tags":[],"class_list":["post-4353","post","type-post","status-publish","format-standard","has-post-thumbnail","hentry","category-neuigkeiten"],"yoast_head":"<!-- This site is optimized with the Yoast SEO plugin v27.4 - https:\/\/yoast.com\/product\/yoast-seo-wordpress\/ -->\n<title>Leben zur Zeit Jesu - Grundschule Mulsum - Kutenholz<\/title>\n<meta name=\"robots\" content=\"index, follow, max-snippet:-1, max-image-preview:large, max-video-preview:-1\" \/>\n<link rel=\"canonical\" href=\"https:\/\/gsmulsum-kutenholz.de\/?p=4353\" \/>\n<meta property=\"og:locale\" content=\"de_DE\" \/>\n<meta property=\"og:type\" content=\"article\" \/>\n<meta property=\"og:title\" content=\"Leben zur Zeit Jesu - Grundschule Mulsum - Kutenholz\" \/>\n<meta property=\"og:description\" content=\"Im Februar haben sich die Klassen E1 und E2 im Religionsunterricht mit dem Leben zur Zeit Jesu besch\u00e4ftigt. An einem Tag haben die Kinder in zwei Gruppen Fladenbrote gebacken und H\u00e4user f\u00fcr eine Stadt aus Salzteig gebaut. Die Fladenbrote waren sehr lecker und die nachgebaute Stadt steht im Flur und kann besichtigt werden.\" \/>\n<meta property=\"og:url\" content=\"https:\/\/gsmulsum-kutenholz.de\/?p=4353\" \/>\n<meta property=\"og:site_name\" content=\"Grundschule Mulsum - Kutenholz\" \/>\n<meta property=\"article:published_time\" content=\"2023-03-24T17:29:37+00:00\" \/>\n<meta property=\"article:modified_time\" content=\"2023-03-24T19:07:42+00:00\" \/>\n<meta property=\"og:image\" content=\"https:\/\/gsmulsum-kutenholz.de\/wp-content\/uploads\/2018\/04\/kirche.jpg\" \/>\n\t<meta property=\"og:image:width\" content=\"436\" \/>\n\t<meta property=\"og:image:height\" content=\"693\" \/>\n\t<meta property=\"og:image:type\" content=\"image\/jpeg\" \/>\n<meta name=\"author\" content=\"StR\" \/>\n<meta name=\"twitter:card\" content=\"summary_large_image\" \/>\n<meta name=\"twitter:label1\" content=\"Verfasst von\" \/>\n\t<meta name=\"twitter:data1\" content=\"StR\" \/>\n<script type=\"application\/ld+json\" class=\"yoast-schema-graph\">{\"@context\":\"https:\\\/\\\/schema.org\",\"@graph\":[{\"@type\":\"Article\",\"@id\":\"https:\\\/\\\/gsmulsum-kutenholz.de\\\/?p=4353#article\",\"isPartOf\":{\"@id\":\"https:\\\/\\\/gsmulsum-kutenholz.de\\\/?p=4353\"},\"author\":{\"name\":\"StR\",\"@id\":\"https:\\\/\\\/gsmulsum-kutenholz.de\\\/#\\\/schema\\\/person\\\/9392f9926f5b3febd93e4d9faad95a36\"},\"headline\":\"Leben zur Zeit Jesu\",\"datePublished\":\"2023-03-24T17:29:37+00:00\",\"dateModified\":\"2023-03-24T19:07:42+00:00\",\"mainEntityOfPage\":{\"@id\":\"https:\\\/\\\/gsmulsum-kutenholz.de\\\/?p=4353\"},\"wordCount\":60,\"commentCount\":0,\"image\":{\"@id\":\"https:\\\/\\\/gsmulsum-kutenholz.de\\\/?p=4353#primaryimage\"},\"thumbnailUrl\":\"https:\\\/\\\/gsmulsum-kutenholz.de\\\/wp-content\\\/uploads\\\/2018\\\/04\\\/kirche.jpg\",\"articleSection\":[\"Neuigkeiten\"],\"inLanguage\":\"de\",\"potentialAction\":[{\"@type\":\"CommentAction\",\"name\":\"Comment\",\"target\":[\"https:\\\/\\\/gsmulsum-kutenholz.de\\\/?p=4353#respond\"]}]},{\"@type\":\"WebPage\",\"@id\":\"https:\\\/\\\/gsmulsum-kutenholz.de\\\/?p=4353\",\"url\":\"https:\\\/\\\/gsmulsum-kutenholz.de\\\/?p=4353\",\"name\":\"Leben zur Zeit Jesu - Grundschule Mulsum - Kutenholz\",\"isPartOf\":{\"@id\":\"https:\\\/\\\/gsmulsum-kutenholz.de\\\/#website\"},\"primaryImageOfPage\":{\"@id\":\"https:\\\/\\\/gsmulsum-kutenholz.de\\\/?p=4353#primaryimage\"},\"image\":{\"@id\":\"https:\\\/\\\/gsmulsum-kutenholz.de\\\/?p=4353#primaryimage\"},\"thumbnailUrl\":\"https:\\\/\\\/gsmulsum-kutenholz.de\\\/wp-content\\\/uploads\\\/2018\\\/04\\\/kirche.jpg\",\"datePublished\":\"2023-03-24T17:29:37+00:00\",\"dateModified\":\"2023-03-24T19:07:42+00:00\",\"author\":{\"@id\":\"https:\\\/\\\/gsmulsum-kutenholz.de\\\/#\\\/schema\\\/person\\\/9392f9926f5b3febd93e4d9faad95a36\"},\"breadcrumb\":{\"@id\":\"https:\\\/\\\/gsmulsum-kutenholz.de\\\/?p=4353#breadcrumb\"},\"inLanguage\":\"de\",\"potentialAction\":[{\"@type\":\"ReadAction\",\"target\":[\"https:\\\/\\\/gsmulsum-kutenholz.de\\\/?p=4353\"]}]},{\"@type\":\"ImageObject\",\"inLanguage\":\"de\",\"@id\":\"https:\\\/\\\/gsmulsum-kutenholz.de\\\/?p=4353#primaryimage\",\"url\":\"https:\\\/\\\/gsmulsum-kutenholz.de\\\/wp-content\\\/uploads\\\/2018\\\/04\\\/kirche.jpg\",\"contentUrl\":\"https:\\\/\\\/gsmulsum-kutenholz.de\\\/wp-content\\\/uploads\\\/2018\\\/04\\\/kirche.jpg\",\"width\":436,\"height\":693},{\"@type\":\"BreadcrumbList\",\"@id\":\"https:\\\/\\\/gsmulsum-kutenholz.de\\\/?p=4353#breadcrumb\",\"itemListElement\":[{\"@type\":\"ListItem\",\"position\":1,\"name\":\"Start\",\"item\":\"https:\\\/\\\/gsmulsum-kutenholz.de\\\/\"},{\"@type\":\"ListItem\",\"position\":2,\"name\":\"Leben zur Zeit Jesu\"}]},{\"@type\":\"WebSite\",\"@id\":\"https:\\\/\\\/gsmulsum-kutenholz.de\\\/#website\",\"url\":\"https:\\\/\\\/gsmulsum-kutenholz.de\\\/\",\"name\":\"Grundschule Mulsum - Kutenholz\",\"description\":\"\",\"potentialAction\":[{\"@type\":\"SearchAction\",\"target\":{\"@type\":\"EntryPoint\",\"urlTemplate\":\"https:\\\/\\\/gsmulsum-kutenholz.de\\\/?s={search_term_string}\"},\"query-input\":{\"@type\":\"PropertyValueSpecification\",\"valueRequired\":true,\"valueName\":\"search_term_string\"}}],\"inLanguage\":\"de\"},{\"@type\":\"Person\",\"@id\":\"https:\\\/\\\/gsmulsum-kutenholz.de\\\/#\\\/schema\\\/person\\\/9392f9926f5b3febd93e4d9faad95a36\",\"name\":\"StR\",\"image\":{\"@type\":\"ImageObject\",\"inLanguage\":\"de\",\"@id\":\"https:\\\/\\\/secure.gravatar.com\\\/avatar\\\/0f83786356390a9b9f34eec58b2e212e708162c990f07d5dd21c9104fcf44663?s=96&d=mm&r=g\",\"url\":\"https:\\\/\\\/secure.gravatar.com\\\/avatar\\\/0f83786356390a9b9f34eec58b2e212e708162c990f07d5dd21c9104fcf44663?s=96&d=mm&r=g\",\"contentUrl\":\"https:\\\/\\\/secure.gravatar.com\\\/avatar\\\/0f83786356390a9b9f34eec58b2e212e708162c990f07d5dd21c9104fcf44663?s=96&d=mm&r=g\",\"caption\":\"StR\"},\"url\":\"https:\\\/\\\/gsmulsum-kutenholz.de\\\/?author=2\"}]}<\/script>\n<!-- \/ Yoast SEO plugin. -->","yoast_head_json":{"title":"Leben zur Zeit Jesu - Grundschule Mulsum - Kutenholz","robots":{"index":"index","follow":"follow","max-snippet":"max-snippet:-1","max-image-preview":"max-image-preview:large","max-video-preview":"max-video-preview:-1"},"canonical":"https:\/\/gsmulsum-kutenholz.de\/?p=4353","og_locale":"de_DE","og_type":"article","og_title":"Leben zur Zeit Jesu - Grundschule Mulsum - Kutenholz","og_description":"Im Februar haben sich die Klassen E1 und E2 im Religionsunterricht mit dem Leben zur Zeit Jesu besch\u00e4ftigt. An einem Tag haben die Kinder in zwei Gruppen Fladenbrote gebacken und H\u00e4user f\u00fcr eine Stadt aus Salzteig gebaut. Die Fladenbrote waren sehr lecker und die nachgebaute Stadt steht im Flur und kann besichtigt werden.","og_url":"https:\/\/gsmulsum-kutenholz.de\/?p=4353","og_site_name":"Grundschule Mulsum - Kutenholz","article_published_time":"2023-03-24T17:29:37+00:00","article_modified_time":"2023-03-24T19:07:42+00:00","og_image":[{"width":436,"height":693,"url":"https:\/\/gsmulsum-kutenholz.de\/wp-content\/uploads\/2018\/04\/kirche.jpg","type":"image\/jpeg"}],"author":"StR","twitter_card":"summary_large_image","twitter_misc":{"Verfasst von":"StR"},"schema":{"@context":"https:\/\/schema.org","@graph":[{"@type":"Article","@id":"https:\/\/gsmulsum-kutenholz.de\/?p=4353#article","isPartOf":{"@id":"https:\/\/gsmulsum-kutenholz.de\/?p=4353"},"author":{"name":"StR","@id":"https:\/\/gsmulsum-kutenholz.de\/#\/schema\/person\/9392f9926f5b3febd93e4d9faad95a36"},"headline":"Leben zur Zeit Jesu","datePublished":"2023-03-24T17:29:37+00:00","dateModified":"2023-03-24T19:07:42+00:00","mainEntityOfPage":{"@id":"https:\/\/gsmulsum-kutenholz.de\/?p=4353"},"wordCount":60,"commentCount":0,"image":{"@id":"https:\/\/gsmulsum-kutenholz.de\/?p=4353#primaryimage"},"thumbnailUrl":"https:\/\/gsmulsum-kutenholz.de\/wp-content\/uploads\/2018\/04\/kirche.jpg","articleSection":["Neuigkeiten"],"inLanguage":"de","potentialAction":[{"@type":"CommentAction","name":"Comment","target":["https:\/\/gsmulsum-kutenholz.de\/?p=4353#respond"]}]},{"@type":"WebPage","@id":"https:\/\/gsmulsum-kutenholz.de\/?p=4353","url":"https:\/\/gsmulsum-kutenholz.de\/?p=4353","name":"Leben zur Zeit Jesu - Grundschule Mulsum - Kutenholz","isPartOf":{"@id":"https:\/\/gsmulsum-kutenholz.de\/#website"},"primaryImageOfPage":{"@id":"https:\/\/gsmulsum-kutenholz.de\/?p=4353#primaryimage"},"image":{"@id":"https:\/\/gsmulsum-kutenholz.de\/?p=4353#primaryimage"},"thumbnailUrl":"https:\/\/gsmulsum-kutenholz.de\/wp-content\/uploads\/2018\/04\/kirche.jpg","datePublished":"2023-03-24T17:29:37+00:00","dateModified":"2023-03-24T19:07:42+00:00","author":{"@id":"https:\/\/gsmulsum-kutenholz.de\/#\/schema\/person\/9392f9926f5b3febd93e4d9faad95a36"},"breadcrumb":{"@id":"https:\/\/gsmulsum-kutenholz.de\/?p=4353#breadcrumb"},"inLanguage":"de","potentialAction":[{"@type":"ReadAction","target":["https:\/\/gsmulsum-kutenholz.de\/?p=4353"]}]},{"@type":"ImageObject","inLanguage":"de","@id":"https:\/\/gsmulsum-kutenholz.de\/?p=4353#primaryimage","url":"https:\/\/gsmulsum-kutenholz.de\/wp-content\/uploads\/2018\/04\/kirche.jpg","contentUrl":"https:\/\/gsmulsum-kutenholz.de\/wp-content\/uploads\/2018\/04\/kirche.jpg","width":436,"height":693},{"@type":"BreadcrumbList","@id":"https:\/\/gsmulsum-kutenholz.de\/?p=4353#breadcrumb","itemListElement":[{"@type":"ListItem","position":1,"name":"Start","item":"https:\/\/gsmulsum-kutenholz.de\/"},{"@type":"ListItem","position":2,"name":"Leben zur Zeit Jesu"}]},{"@type":"WebSite","@id":"https:\/\/gsmulsum-kutenholz.de\/#website","url":"https:\/\/gsmulsum-kutenholz.de\/","name":"Grundschule Mulsum - Kutenholz","description":"","potentialAction":[{"@type":"SearchAction","target":{"@type":"EntryPoint","urlTemplate":"https:\/\/gsmulsum-kutenholz.de\/?s={search_term_string}"},"query-input":{"@type":"PropertyValueSpecification","valueRequired":true,"valueName":"search_term_string"}}],"inLanguage":"de"},{"@type":"Person","@id":"https:\/\/gsmulsum-kutenholz.de\/#\/schema\/person\/9392f9926f5b3febd93e4d9faad95a36","name":"StR","image":{"@type":"ImageObject","inLanguage":"de","@id":"https:\/\/secure.gravatar.com\/avatar\/0f83786356390a9b9f34eec58b2e212e708162c990f07d5dd21c9104fcf44663?s=96&d=mm&r=g","url":"https:\/\/secure.gravatar.com\/avatar\/0f83786356390a9b9f34eec58b2e212e708162c990f07d5dd21c9104fcf44663?s=96&d=mm&r=g","contentUrl":"https:\/\/secure.gravatar.com\/avatar\/0f83786356390a9b9f34eec58b2e212e708162c990f07d5dd21c9104fcf44663?s=96&d=mm&r=g","caption":"StR"},"url":"https:\/\/gsmulsum-kutenholz.de\/?author=2"}]}},"_links":{"self":[{"href":"https:\/\/gsmulsum-kutenholz.de\/index.php?rest_route=\/wp\/v2\/posts\/4353","targetHints":{"allow":["GET"]}}],"collection":[{"href":"https:\/\/gsmulsum-kutenholz.de\/index.php?rest_route=\/wp\/v2\/posts"}],"about":[{"href":"https:\/\/gsmulsum-kutenholz.de\/index.php?rest_route=\/wp\/v2\/types\/post"}],"author":[{"embeddable":true,"href":"https:\/\/gsmulsum-kutenholz.de\/index.php?rest_route=\/wp\/v2\/users\/2"}],"replies":[{"embeddable":true,"href":"https:\/\/gsmulsum-kutenholz.de\/index.php?rest_route=%2Fwp%2Fv2%2Fcomments&post=4353"}],"version-history":[{"count":3,"href":"https:\/\/gsmulsum-kutenholz.de\/index.php?rest_route=\/wp\/v2\/posts\/4353\/revisions"}],"predecessor-version":[{"id":4385,"href":"https:\/\/gsmulsum-kutenholz.de\/index.php?rest_route=\/wp\/v2\/posts\/4353\/revisions\/4385"}],"wp:featuredmedia":[{"embeddable":true,"href":"https:\/\/gsmulsum-kutenholz.de\/index.php?rest_route=\/wp\/v2\/media\/209"}],"wp:attachment":[{"href":"https:\/\/gsmulsum-kutenholz.de\/index.php?rest_route=%2Fwp%2Fv2%2Fmedia&parent=4353"}],"wp:term":[{"taxonomy":"category","embeddable":true,"href":"https:\/\/gsmulsum-kutenholz.de\/index.php?rest_route=%2Fwp%2Fv2%2Fcategories&post=4353"},{"taxonomy":"post_tag","embeddable":true,"href":"https:\/\/gsmulsum-kutenholz.de\/index.php?rest_route=%2Fwp%2Fv2%2Ftags&post=4353"}],"curies":[{"name":"wp","href":"https:\/\/api.w.org\/{rel}","templated":true}]}}