{"id":4369,"date":"2023-03-24T20:54:57","date_gmt":"2023-03-24T18:54:57","guid":{"rendered":"https:\/\/gsmulsum-kutenholz.de\/?p=4369"},"modified":"2023-03-24T20:59:12","modified_gmt":"2023-03-24T18:59:12","slug":"wir-machen-uns-auf-den-weg","status":"publish","type":"post","link":"https:\/\/gsmulsum-kutenholz.de\/?p=4369","title":{"rendered":"Wir machen uns auf den Weg"},"content":{"rendered":"\n<p class=\"has-medium-font-size\">Unsere Schule bereitet sich auf den Ganztag vor. Nach einer schulinternen Lehrerfortbildung im Oktober und bereits einigen Folgeterminen ging es gestern mit Unterst\u00fctzung des RLSB weiter. Eine gute Fee fragte nach den W\u00fcnschen des Kollegiums. In Kleingruppen haben wir am Raumkonzept gearbeitet, das als Grundlage f\u00fcr die n\u00e4chste Schulausschuss-Sitzung im Mai dienen soll.<\/p>\n\n\n\n<figure class=\"wp-block-image size-large\"><img loading=\"lazy\" decoding=\"async\" width=\"768\" height=\"1024\" src=\"https:\/\/gsmulsum-kutenholz.de\/wp-content\/uploads\/2023\/03\/136C2BBB-E634-4422-92CC-6A477033A77C-768x1024.jpeg\" alt=\"\" class=\"wp-image-4375\" srcset=\"https:\/\/gsmulsum-kutenholz.de\/wp-content\/uploads\/2023\/03\/136C2BBB-E634-4422-92CC-6A477033A77C-768x1024.jpeg 768w, https:\/\/gsmulsum-kutenholz.de\/wp-content\/uploads\/2023\/03\/136C2BBB-E634-4422-92CC-6A477033A77C-225x300.jpeg 225w, https:\/\/gsmulsum-kutenholz.de\/wp-content\/uploads\/2023\/03\/136C2BBB-E634-4422-92CC-6A477033A77C-1152x1536.jpeg 1152w, https:\/\/gsmulsum-kutenholz.de\/wp-content\/uploads\/2023\/03\/136C2BBB-E634-4422-92CC-6A477033A77C-1536x2048.jpeg 1536w, https:\/\/gsmulsum-kutenholz.de\/wp-content\/uploads\/2023\/03\/136C2BBB-E634-4422-92CC-6A477033A77C-rotated.jpeg 1875w\" sizes=\"auto, (max-width: 768px) 100vw, 768px\" \/><\/figure>\n\n\n\n<figure class=\"wp-block-image size-large\"><img loading=\"lazy\" decoding=\"async\" width=\"768\" height=\"1024\" src=\"https:\/\/gsmulsum-kutenholz.de\/wp-content\/uploads\/2023\/03\/39A095C7-C8D2-416B-A185-532086736D37-768x1024.jpeg\" alt=\"\" class=\"wp-image-4374\" srcset=\"https:\/\/gsmulsum-kutenholz.de\/wp-content\/uploads\/2023\/03\/39A095C7-C8D2-416B-A185-532086736D37-768x1024.jpeg 768w, https:\/\/gsmulsum-kutenholz.de\/wp-content\/uploads\/2023\/03\/39A095C7-C8D2-416B-A185-532086736D37-225x300.jpeg 225w, https:\/\/gsmulsum-kutenholz.de\/wp-content\/uploads\/2023\/03\/39A095C7-C8D2-416B-A185-532086736D37-1152x1536.jpeg 1152w, https:\/\/gsmulsum-kutenholz.de\/wp-content\/uploads\/2023\/03\/39A095C7-C8D2-416B-A185-532086736D37-1536x2048.jpeg 1536w, https:\/\/gsmulsum-kutenholz.de\/wp-content\/uploads\/2023\/03\/39A095C7-C8D2-416B-A185-532086736D37-rotated.jpeg 1875w\" sizes=\"auto, (max-width: 768px) 100vw, 768px\" \/><\/figure>\n\n\n\n<figure class=\"wp-block-image size-large\"><img loading=\"lazy\" decoding=\"async\" width=\"768\" height=\"1024\" src=\"https:\/\/gsmulsum-kutenholz.de\/wp-content\/uploads\/2023\/03\/8C2F04AE-0B5D-4D0C-910C-6898C241007C-768x1024.jpeg\" alt=\"\" class=\"wp-image-4372\" srcset=\"https:\/\/gsmulsum-kutenholz.de\/wp-content\/uploads\/2023\/03\/8C2F04AE-0B5D-4D0C-910C-6898C241007C-768x1024.jpeg 768w, https:\/\/gsmulsum-kutenholz.de\/wp-content\/uploads\/2023\/03\/8C2F04AE-0B5D-4D0C-910C-6898C241007C-225x300.jpeg 225w, https:\/\/gsmulsum-kutenholz.de\/wp-content\/uploads\/2023\/03\/8C2F04AE-0B5D-4D0C-910C-6898C241007C-1152x1536.jpeg 1152w, https:\/\/gsmulsum-kutenholz.de\/wp-content\/uploads\/2023\/03\/8C2F04AE-0B5D-4D0C-910C-6898C241007C-1536x2048.jpeg 1536w, https:\/\/gsmulsum-kutenholz.de\/wp-content\/uploads\/2023\/03\/8C2F04AE-0B5D-4D0C-910C-6898C241007C-rotated.jpeg 1875w\" sizes=\"auto, (max-width: 768px) 100vw, 768px\" \/><\/figure>\n\n\n\n<figure class=\"wp-block-image size-large\"><img loading=\"lazy\" decoding=\"async\" width=\"1024\" height=\"768\" src=\"https:\/\/gsmulsum-kutenholz.de\/wp-content\/uploads\/2023\/03\/9C240F9C-8EAA-4FBB-BF30-D1E66C17958A-1024x768.jpeg\" alt=\"\" class=\"wp-image-4373\" srcset=\"https:\/\/gsmulsum-kutenholz.de\/wp-content\/uploads\/2023\/03\/9C240F9C-8EAA-4FBB-BF30-D1E66C17958A-1024x768.jpeg 1024w, https:\/\/gsmulsum-kutenholz.de\/wp-content\/uploads\/2023\/03\/9C240F9C-8EAA-4FBB-BF30-D1E66C17958A-300x225.jpeg 300w, https:\/\/gsmulsum-kutenholz.de\/wp-content\/uploads\/2023\/03\/9C240F9C-8EAA-4FBB-BF30-D1E66C17958A-768x576.jpeg 768w, https:\/\/gsmulsum-kutenholz.de\/wp-content\/uploads\/2023\/03\/9C240F9C-8EAA-4FBB-BF30-D1E66C17958A-1536x1152.jpeg 1536w, https:\/\/gsmulsum-kutenholz.de\/wp-content\/uploads\/2023\/03\/9C240F9C-8EAA-4FBB-BF30-D1E66C17958A-2048x1536.jpeg 2048w\" sizes=\"auto, (max-width: 1024px) 100vw, 1024px\" \/><\/figure>\n\n\n\n<figure class=\"wp-block-image size-large\"><img loading=\"lazy\" decoding=\"async\" width=\"576\" height=\"1024\" src=\"https:\/\/gsmulsum-kutenholz.de\/wp-content\/uploads\/2023\/03\/8A915D11-B37F-4358-94BC-6E77F48FD5B9-576x1024.jpeg\" alt=\"\" class=\"wp-image-4371\" srcset=\"https:\/\/gsmulsum-kutenholz.de\/wp-content\/uploads\/2023\/03\/8A915D11-B37F-4358-94BC-6E77F48FD5B9-576x1024.jpeg 576w, https:\/\/gsmulsum-kutenholz.de\/wp-content\/uploads\/2023\/03\/8A915D11-B37F-4358-94BC-6E77F48FD5B9-169x300.jpeg 169w, https:\/\/gsmulsum-kutenholz.de\/wp-content\/uploads\/2023\/03\/8A915D11-B37F-4358-94BC-6E77F48FD5B9-768x1365.jpeg 768w, https:\/\/gsmulsum-kutenholz.de\/wp-content\/uploads\/2023\/03\/8A915D11-B37F-4358-94BC-6E77F48FD5B9-864x1536.jpeg 864w, https:\/\/gsmulsum-kutenholz.de\/wp-content\/uploads\/2023\/03\/8A915D11-B37F-4358-94BC-6E77F48FD5B9-1153x2048.jpeg 1153w, https:\/\/gsmulsum-kutenholz.de\/wp-content\/uploads\/2023\/03\/8A915D11-B37F-4358-94BC-6E77F48FD5B9-rotated.jpeg 1407w\" sizes=\"auto, (max-width: 576px) 100vw, 576px\" \/><\/figure>\n","protected":false},"excerpt":{"rendered":"<p>Unsere Schule bereitet sich auf den Ganztag vor. Nach einer schulinternen Lehrerfortbildung im Oktober und bereits einigen Folgeterminen ging es gestern mit Unterst\u00fctzung des RLSB weiter. Eine gute Fee fragte nach den W\u00fcnschen des Kollegiums. In Kleingruppen haben wir am Raumkonzept gearbeitet, das als Grundlage f\u00fcr die n\u00e4chste Schulausschuss-Sitzung im Mai dienen soll.<\/p>\n","protected":false},"author":2,"featured_media":4376,"comment_status":"open","ping_status":"open","sticky":false,"template":"","format":"standard","meta":{"ngg_post_thumbnail":0,"footnotes":""},"categories":[5],"tags":[],"class_list":["post-4369","post","type-post","status-publish","format-standard","has-post-thumbnail","hentry","category-neuigkeiten"],"yoast_head":"<!-- This site is optimized with the Yoast SEO plugin v27.4 - https:\/\/yoast.com\/product\/yoast-seo-wordpress\/ -->\n<title>Wir machen uns auf den Weg - Grundschule Mulsum - Kutenholz<\/title>\n<meta name=\"robots\" content=\"index, follow, max-snippet:-1, max-image-preview:large, max-video-preview:-1\" \/>\n<link rel=\"canonical\" href=\"https:\/\/gsmulsum-kutenholz.de\/?p=4369\" \/>\n<meta property=\"og:locale\" content=\"de_DE\" \/>\n<meta property=\"og:type\" content=\"article\" \/>\n<meta property=\"og:title\" content=\"Wir machen uns auf den Weg - Grundschule Mulsum - Kutenholz\" \/>\n<meta property=\"og:description\" content=\"Unsere Schule bereitet sich auf den Ganztag vor. Nach einer schulinternen Lehrerfortbildung im Oktober und bereits einigen Folgeterminen ging es gestern mit Unterst\u00fctzung des RLSB weiter. Eine gute Fee fragte nach den W\u00fcnschen des Kollegiums. In Kleingruppen haben wir am Raumkonzept gearbeitet, das als Grundlage f\u00fcr die n\u00e4chste Schulausschuss-Sitzung im Mai dienen soll.\" \/>\n<meta property=\"og:url\" content=\"https:\/\/gsmulsum-kutenholz.de\/?p=4369\" \/>\n<meta property=\"og:site_name\" content=\"Grundschule Mulsum - Kutenholz\" \/>\n<meta property=\"article:published_time\" content=\"2023-03-24T18:54:57+00:00\" \/>\n<meta property=\"article:modified_time\" content=\"2023-03-24T18:59:12+00:00\" \/>\n<meta property=\"og:image\" content=\"https:\/\/gsmulsum-kutenholz.de\/wp-content\/uploads\/2023\/03\/310C9A83-F368-4038-A075-A3ABD1B0378A-rotated.jpeg\" \/>\n\t<meta property=\"og:image:width\" content=\"1875\" \/>\n\t<meta property=\"og:image:height\" content=\"2500\" \/>\n\t<meta property=\"og:image:type\" content=\"image\/jpeg\" \/>\n<meta name=\"author\" content=\"StR\" \/>\n<meta name=\"twitter:card\" content=\"summary_large_image\" \/>\n<meta name=\"twitter:label1\" content=\"Verfasst von\" \/>\n\t<meta name=\"twitter:data1\" content=\"StR\" \/>\n<script type=\"application\/ld+json\" class=\"yoast-schema-graph\">{\"@context\":\"https:\\\/\\\/schema.org\",\"@graph\":[{\"@type\":\"Article\",\"@id\":\"https:\\\/\\\/gsmulsum-kutenholz.de\\\/?p=4369#article\",\"isPartOf\":{\"@id\":\"https:\\\/\\\/gsmulsum-kutenholz.de\\\/?p=4369\"},\"author\":{\"name\":\"StR\",\"@id\":\"https:\\\/\\\/gsmulsum-kutenholz.de\\\/#\\\/schema\\\/person\\\/9392f9926f5b3febd93e4d9faad95a36\"},\"headline\":\"Wir machen uns auf den Weg\",\"datePublished\":\"2023-03-24T18:54:57+00:00\",\"dateModified\":\"2023-03-24T18:59:12+00:00\",\"mainEntityOfPage\":{\"@id\":\"https:\\\/\\\/gsmulsum-kutenholz.de\\\/?p=4369\"},\"wordCount\":63,\"commentCount\":0,\"image\":{\"@id\":\"https:\\\/\\\/gsmulsum-kutenholz.de\\\/?p=4369#primaryimage\"},\"thumbnailUrl\":\"https:\\\/\\\/gsmulsum-kutenholz.de\\\/wp-content\\\/uploads\\\/2023\\\/03\\\/310C9A83-F368-4038-A075-A3ABD1B0378A-rotated.jpeg\",\"articleSection\":[\"Neuigkeiten\"],\"inLanguage\":\"de\",\"potentialAction\":[{\"@type\":\"CommentAction\",\"name\":\"Comment\",\"target\":[\"https:\\\/\\\/gsmulsum-kutenholz.de\\\/?p=4369#respond\"]}]},{\"@type\":\"WebPage\",\"@id\":\"https:\\\/\\\/gsmulsum-kutenholz.de\\\/?p=4369\",\"url\":\"https:\\\/\\\/gsmulsum-kutenholz.de\\\/?p=4369\",\"name\":\"Wir machen uns auf den Weg - Grundschule Mulsum - Kutenholz\",\"isPartOf\":{\"@id\":\"https:\\\/\\\/gsmulsum-kutenholz.de\\\/#website\"},\"primaryImageOfPage\":{\"@id\":\"https:\\\/\\\/gsmulsum-kutenholz.de\\\/?p=4369#primaryimage\"},\"image\":{\"@id\":\"https:\\\/\\\/gsmulsum-kutenholz.de\\\/?p=4369#primaryimage\"},\"thumbnailUrl\":\"https:\\\/\\\/gsmulsum-kutenholz.de\\\/wp-content\\\/uploads\\\/2023\\\/03\\\/310C9A83-F368-4038-A075-A3ABD1B0378A-rotated.jpeg\",\"datePublished\":\"2023-03-24T18:54:57+00:00\",\"dateModified\":\"2023-03-24T18:59:12+00:00\",\"author\":{\"@id\":\"https:\\\/\\\/gsmulsum-kutenholz.de\\\/#\\\/schema\\\/person\\\/9392f9926f5b3febd93e4d9faad95a36\"},\"breadcrumb\":{\"@id\":\"https:\\\/\\\/gsmulsum-kutenholz.de\\\/?p=4369#breadcrumb\"},\"inLanguage\":\"de\",\"potentialAction\":[{\"@type\":\"ReadAction\",\"target\":[\"https:\\\/\\\/gsmulsum-kutenholz.de\\\/?p=4369\"]}]},{\"@type\":\"ImageObject\",\"inLanguage\":\"de\",\"@id\":\"https:\\\/\\\/gsmulsum-kutenholz.de\\\/?p=4369#primaryimage\",\"url\":\"https:\\\/\\\/gsmulsum-kutenholz.de\\\/wp-content\\\/uploads\\\/2023\\\/03\\\/310C9A83-F368-4038-A075-A3ABD1B0378A-rotated.jpeg\",\"contentUrl\":\"https:\\\/\\\/gsmulsum-kutenholz.de\\\/wp-content\\\/uploads\\\/2023\\\/03\\\/310C9A83-F368-4038-A075-A3ABD1B0378A-rotated.jpeg\",\"width\":1875,\"height\":2500},{\"@type\":\"BreadcrumbList\",\"@id\":\"https:\\\/\\\/gsmulsum-kutenholz.de\\\/?p=4369#breadcrumb\",\"itemListElement\":[{\"@type\":\"ListItem\",\"position\":1,\"name\":\"Start\",\"item\":\"https:\\\/\\\/gsmulsum-kutenholz.de\\\/\"},{\"@type\":\"ListItem\",\"position\":2,\"name\":\"Wir machen uns auf den Weg\"}]},{\"@type\":\"WebSite\",\"@id\":\"https:\\\/\\\/gsmulsum-kutenholz.de\\\/#website\",\"url\":\"https:\\\/\\\/gsmulsum-kutenholz.de\\\/\",\"name\":\"Grundschule Mulsum - Kutenholz\",\"description\":\"\",\"potentialAction\":[{\"@type\":\"SearchAction\",\"target\":{\"@type\":\"EntryPoint\",\"urlTemplate\":\"https:\\\/\\\/gsmulsum-kutenholz.de\\\/?s={search_term_string}\"},\"query-input\":{\"@type\":\"PropertyValueSpecification\",\"valueRequired\":true,\"valueName\":\"search_term_string\"}}],\"inLanguage\":\"de\"},{\"@type\":\"Person\",\"@id\":\"https:\\\/\\\/gsmulsum-kutenholz.de\\\/#\\\/schema\\\/person\\\/9392f9926f5b3febd93e4d9faad95a36\",\"name\":\"StR\",\"image\":{\"@type\":\"ImageObject\",\"inLanguage\":\"de\",\"@id\":\"https:\\\/\\\/secure.gravatar.com\\\/avatar\\\/0f83786356390a9b9f34eec58b2e212e708162c990f07d5dd21c9104fcf44663?s=96&d=mm&r=g\",\"url\":\"https:\\\/\\\/secure.gravatar.com\\\/avatar\\\/0f83786356390a9b9f34eec58b2e212e708162c990f07d5dd21c9104fcf44663?s=96&d=mm&r=g\",\"contentUrl\":\"https:\\\/\\\/secure.gravatar.com\\\/avatar\\\/0f83786356390a9b9f34eec58b2e212e708162c990f07d5dd21c9104fcf44663?s=96&d=mm&r=g\",\"caption\":\"StR\"},\"url\":\"https:\\\/\\\/gsmulsum-kutenholz.de\\\/?author=2\"}]}<\/script>\n<!-- \/ Yoast SEO plugin. -->","yoast_head_json":{"title":"Wir machen uns auf den Weg - Grundschule Mulsum - Kutenholz","robots":{"index":"index","follow":"follow","max-snippet":"max-snippet:-1","max-image-preview":"max-image-preview:large","max-video-preview":"max-video-preview:-1"},"canonical":"https:\/\/gsmulsum-kutenholz.de\/?p=4369","og_locale":"de_DE","og_type":"article","og_title":"Wir machen uns auf den Weg - Grundschule Mulsum - Kutenholz","og_description":"Unsere Schule bereitet sich auf den Ganztag vor. Nach einer schulinternen Lehrerfortbildung im Oktober und bereits einigen Folgeterminen ging es gestern mit Unterst\u00fctzung des RLSB weiter. Eine gute Fee fragte nach den W\u00fcnschen des Kollegiums. In Kleingruppen haben wir am Raumkonzept gearbeitet, das als Grundlage f\u00fcr die n\u00e4chste Schulausschuss-Sitzung im Mai dienen soll.","og_url":"https:\/\/gsmulsum-kutenholz.de\/?p=4369","og_site_name":"Grundschule Mulsum - Kutenholz","article_published_time":"2023-03-24T18:54:57+00:00","article_modified_time":"2023-03-24T18:59:12+00:00","og_image":[{"width":1875,"height":2500,"url":"https:\/\/gsmulsum-kutenholz.de\/wp-content\/uploads\/2023\/03\/310C9A83-F368-4038-A075-A3ABD1B0378A-rotated.jpeg","type":"image\/jpeg"}],"author":"StR","twitter_card":"summary_large_image","twitter_misc":{"Verfasst von":"StR"},"schema":{"@context":"https:\/\/schema.org","@graph":[{"@type":"Article","@id":"https:\/\/gsmulsum-kutenholz.de\/?p=4369#article","isPartOf":{"@id":"https:\/\/gsmulsum-kutenholz.de\/?p=4369"},"author":{"name":"StR","@id":"https:\/\/gsmulsum-kutenholz.de\/#\/schema\/person\/9392f9926f5b3febd93e4d9faad95a36"},"headline":"Wir machen uns auf den Weg","datePublished":"2023-03-24T18:54:57+00:00","dateModified":"2023-03-24T18:59:12+00:00","mainEntityOfPage":{"@id":"https:\/\/gsmulsum-kutenholz.de\/?p=4369"},"wordCount":63,"commentCount":0,"image":{"@id":"https:\/\/gsmulsum-kutenholz.de\/?p=4369#primaryimage"},"thumbnailUrl":"https:\/\/gsmulsum-kutenholz.de\/wp-content\/uploads\/2023\/03\/310C9A83-F368-4038-A075-A3ABD1B0378A-rotated.jpeg","articleSection":["Neuigkeiten"],"inLanguage":"de","potentialAction":[{"@type":"CommentAction","name":"Comment","target":["https:\/\/gsmulsum-kutenholz.de\/?p=4369#respond"]}]},{"@type":"WebPage","@id":"https:\/\/gsmulsum-kutenholz.de\/?p=4369","url":"https:\/\/gsmulsum-kutenholz.de\/?p=4369","name":"Wir machen uns auf den Weg - Grundschule Mulsum - Kutenholz","isPartOf":{"@id":"https:\/\/gsmulsum-kutenholz.de\/#website"},"primaryImageOfPage":{"@id":"https:\/\/gsmulsum-kutenholz.de\/?p=4369#primaryimage"},"image":{"@id":"https:\/\/gsmulsum-kutenholz.de\/?p=4369#primaryimage"},"thumbnailUrl":"https:\/\/gsmulsum-kutenholz.de\/wp-content\/uploads\/2023\/03\/310C9A83-F368-4038-A075-A3ABD1B0378A-rotated.jpeg","datePublished":"2023-03-24T18:54:57+00:00","dateModified":"2023-03-24T18:59:12+00:00","author":{"@id":"https:\/\/gsmulsum-kutenholz.de\/#\/schema\/person\/9392f9926f5b3febd93e4d9faad95a36"},"breadcrumb":{"@id":"https:\/\/gsmulsum-kutenholz.de\/?p=4369#breadcrumb"},"inLanguage":"de","potentialAction":[{"@type":"ReadAction","target":["https:\/\/gsmulsum-kutenholz.de\/?p=4369"]}]},{"@type":"ImageObject","inLanguage":"de","@id":"https:\/\/gsmulsum-kutenholz.de\/?p=4369#primaryimage","url":"https:\/\/gsmulsum-kutenholz.de\/wp-content\/uploads\/2023\/03\/310C9A83-F368-4038-A075-A3ABD1B0378A-rotated.jpeg","contentUrl":"https:\/\/gsmulsum-kutenholz.de\/wp-content\/uploads\/2023\/03\/310C9A83-F368-4038-A075-A3ABD1B0378A-rotated.jpeg","width":1875,"height":2500},{"@type":"BreadcrumbList","@id":"https:\/\/gsmulsum-kutenholz.de\/?p=4369#breadcrumb","itemListElement":[{"@type":"ListItem","position":1,"name":"Start","item":"https:\/\/gsmulsum-kutenholz.de\/"},{"@type":"ListItem","position":2,"name":"Wir machen uns auf den Weg"}]},{"@type":"WebSite","@id":"https:\/\/gsmulsum-kutenholz.de\/#website","url":"https:\/\/gsmulsum-kutenholz.de\/","name":"Grundschule Mulsum - Kutenholz","description":"","potentialAction":[{"@type":"SearchAction","target":{"@type":"EntryPoint","urlTemplate":"https:\/\/gsmulsum-kutenholz.de\/?s={search_term_string}"},"query-input":{"@type":"PropertyValueSpecification","valueRequired":true,"valueName":"search_term_string"}}],"inLanguage":"de"},{"@type":"Person","@id":"https:\/\/gsmulsum-kutenholz.de\/#\/schema\/person\/9392f9926f5b3febd93e4d9faad95a36","name":"StR","image":{"@type":"ImageObject","inLanguage":"de","@id":"https:\/\/secure.gravatar.com\/avatar\/0f83786356390a9b9f34eec58b2e212e708162c990f07d5dd21c9104fcf44663?s=96&d=mm&r=g","url":"https:\/\/secure.gravatar.com\/avatar\/0f83786356390a9b9f34eec58b2e212e708162c990f07d5dd21c9104fcf44663?s=96&d=mm&r=g","contentUrl":"https:\/\/secure.gravatar.com\/avatar\/0f83786356390a9b9f34eec58b2e212e708162c990f07d5dd21c9104fcf44663?s=96&d=mm&r=g","caption":"StR"},"url":"https:\/\/gsmulsum-kutenholz.de\/?author=2"}]}},"_links":{"self":[{"href":"https:\/\/gsmulsum-kutenholz.de\/index.php?rest_route=\/wp\/v2\/posts\/4369","targetHints":{"allow":["GET"]}}],"collection":[{"href":"https:\/\/gsmulsum-kutenholz.de\/index.php?rest_route=\/wp\/v2\/posts"}],"about":[{"href":"https:\/\/gsmulsum-kutenholz.de\/index.php?rest_route=\/wp\/v2\/types\/post"}],"author":[{"embeddable":true,"href":"https:\/\/gsmulsum-kutenholz.de\/index.php?rest_route=\/wp\/v2\/users\/2"}],"replies":[{"embeddable":true,"href":"https:\/\/gsmulsum-kutenholz.de\/index.php?rest_route=%2Fwp%2Fv2%2Fcomments&post=4369"}],"version-history":[{"count":5,"href":"https:\/\/gsmulsum-kutenholz.de\/index.php?rest_route=\/wp\/v2\/posts\/4369\/revisions"}],"predecessor-version":[{"id":4380,"href":"https:\/\/gsmulsum-kutenholz.de\/index.php?rest_route=\/wp\/v2\/posts\/4369\/revisions\/4380"}],"wp:featuredmedia":[{"embeddable":true,"href":"https:\/\/gsmulsum-kutenholz.de\/index.php?rest_route=\/wp\/v2\/media\/4376"}],"wp:attachment":[{"href":"https:\/\/gsmulsum-kutenholz.de\/index.php?rest_route=%2Fwp%2Fv2%2Fmedia&parent=4369"}],"wp:term":[{"taxonomy":"category","embeddable":true,"href":"https:\/\/gsmulsum-kutenholz.de\/index.php?rest_route=%2Fwp%2Fv2%2Fcategories&post=4369"},{"taxonomy":"post_tag","embeddable":true,"href":"https:\/\/gsmulsum-kutenholz.de\/index.php?rest_route=%2Fwp%2Fv2%2Ftags&post=4369"}],"curies":[{"name":"wp","href":"https:\/\/api.w.org\/{rel}","templated":true}]}}