{"id":4600,"date":"2023-11-09T14:58:00","date_gmt":"2023-11-09T12:58:00","guid":{"rendered":"https:\/\/gsmulsum-kutenholz.de\/?p=4600"},"modified":"2023-11-09T16:10:28","modified_gmt":"2023-11-09T14:10:28","slug":"der-adac-besucht-mit-adacus-die-grundschule-mulsum-kutenholz","status":"publish","type":"post","link":"https:\/\/gsmulsum-kutenholz.de\/?p=4600","title":{"rendered":"Der ADAC besucht mit ADACUS die Grundschule Mulsum-Kutenholz"},"content":{"rendered":"\n<p>Am Mittwoch, den 7.11.2023 besuchte der ADAC unsere Klassen 1a, 1b und 1c und f\u00fchrte mit ihnen das Verkehrssicherheitsprogramm \u201eAUFGEPASST MIT ADACUS\u201c durch.<\/p>\n\n\n\n<p>Das 45-min\u00fctige Programm machte die Kinder mit den Verhaltensregeln an Fu\u00dfg\u00e4ngerampeln und Zebrastreifen vertraut. Dazu schl\u00fcpften die kleinen Verkehrsteilnehmer in die Rolle von Auto, Motorrad oder Fu\u00dfg\u00e4nger, um spielerisch das Miteinander der einzelnen Verkehrsteilnehmer zu erleben und somit die notwendigen Handlungsweisen, wie etwa der wichtige \u201eBlickkontakt\u201c, beim \u00dcberqueren der Fahrbahn besser zu verstehen.<\/p>\n\n\n\n<p>Der kleine Vogel \u201eADACUS\u201c als Namensgeber des Programms passte dabei auf, dass die Kinder alles richtig machen.<\/p>\n\n\n\n<p>Das gemeinsam erlernte Lied \u201eBei Rot bleib ich steh\u2019n, bei Gr\u00fcn kann ich geh\u2019n!\u201c singen die Kinder auch nach der Veranstaltung noch gerne im Unterricht.<\/p>\n\n\n\n<figure class=\"wp-block-image size-large\"><img loading=\"lazy\" decoding=\"async\" width=\"1024\" height=\"771\" src=\"https:\/\/gsmulsum-kutenholz.de\/wp-content\/uploads\/2023\/11\/PXL_20231107_081948076-1024x771.jpg\" alt=\"\" class=\"wp-image-4611\" srcset=\"https:\/\/gsmulsum-kutenholz.de\/wp-content\/uploads\/2023\/11\/PXL_20231107_081948076-1024x771.jpg 1024w, https:\/\/gsmulsum-kutenholz.de\/wp-content\/uploads\/2023\/11\/PXL_20231107_081948076-300x226.jpg 300w, https:\/\/gsmulsum-kutenholz.de\/wp-content\/uploads\/2023\/11\/PXL_20231107_081948076-768x578.jpg 768w, https:\/\/gsmulsum-kutenholz.de\/wp-content\/uploads\/2023\/11\/PXL_20231107_081948076-1536x1156.jpg 1536w, https:\/\/gsmulsum-kutenholz.de\/wp-content\/uploads\/2023\/11\/PXL_20231107_081948076-2048x1542.jpg 2048w\" sizes=\"auto, (max-width: 1024px) 100vw, 1024px\" \/><\/figure>\n\n\n\n<p><\/p>\n\n\n\n<figure class=\"wp-block-image size-large\"><img loading=\"lazy\" decoding=\"async\" width=\"1024\" height=\"768\" src=\"https:\/\/gsmulsum-kutenholz.de\/wp-content\/uploads\/2023\/11\/IMG_0336-1024x768.jpeg\" alt=\"\" class=\"wp-image-4607\" srcset=\"https:\/\/gsmulsum-kutenholz.de\/wp-content\/uploads\/2023\/11\/IMG_0336-1024x768.jpeg 1024w, https:\/\/gsmulsum-kutenholz.de\/wp-content\/uploads\/2023\/11\/IMG_0336-300x225.jpeg 300w, https:\/\/gsmulsum-kutenholz.de\/wp-content\/uploads\/2023\/11\/IMG_0336-768x576.jpeg 768w, https:\/\/gsmulsum-kutenholz.de\/wp-content\/uploads\/2023\/11\/IMG_0336-1536x1152.jpeg 1536w, https:\/\/gsmulsum-kutenholz.de\/wp-content\/uploads\/2023\/11\/IMG_0336-2048x1536.jpeg 2048w\" sizes=\"auto, (max-width: 1024px) 100vw, 1024px\" \/><\/figure>\n","protected":false},"excerpt":{"rendered":"<p>Am Mittwoch, den 7.11.2023 besuchte der ADAC unsere Klassen 1a, 1b und 1c und f\u00fchrte mit ihnen das Verkehrssicherheitsprogramm \u201eAUFGEPASST MIT ADACUS\u201c durch. Das 45-min\u00fctige Programm machte die Kinder mit den Verhaltensregeln an Fu\u00dfg\u00e4ngerampeln und Zebrastreifen vertraut. Dazu schl\u00fcpften die kleinen Verkehrsteilnehmer in die Rolle von Auto, Motorrad oder Fu\u00dfg\u00e4nger, um spielerisch das Miteinander der [&hellip;]<\/p>\n","protected":false},"author":2,"featured_media":4615,"comment_status":"open","ping_status":"open","sticky":false,"template":"","format":"standard","meta":{"ngg_post_thumbnail":0,"footnotes":""},"categories":[5],"tags":[],"class_list":["post-4600","post","type-post","status-publish","format-standard","has-post-thumbnail","hentry","category-neuigkeiten"],"yoast_head":"<!-- This site is optimized with the Yoast SEO plugin v27.4 - https:\/\/yoast.com\/product\/yoast-seo-wordpress\/ -->\n<title>Der ADAC besucht mit ADACUS die Grundschule Mulsum-Kutenholz - Grundschule Mulsum - Kutenholz<\/title>\n<meta name=\"robots\" content=\"index, follow, max-snippet:-1, max-image-preview:large, max-video-preview:-1\" \/>\n<link rel=\"canonical\" href=\"https:\/\/gsmulsum-kutenholz.de\/?p=4600\" \/>\n<meta property=\"og:locale\" content=\"de_DE\" \/>\n<meta property=\"og:type\" content=\"article\" \/>\n<meta property=\"og:title\" content=\"Der ADAC besucht mit ADACUS die Grundschule Mulsum-Kutenholz - Grundschule Mulsum - Kutenholz\" \/>\n<meta property=\"og:description\" content=\"Am Mittwoch, den 7.11.2023 besuchte der ADAC unsere Klassen 1a, 1b und 1c und f\u00fchrte mit ihnen das Verkehrssicherheitsprogramm \u201eAUFGEPASST MIT ADACUS\u201c durch. Das 45-min\u00fctige Programm machte die Kinder mit den Verhaltensregeln an Fu\u00dfg\u00e4ngerampeln und Zebrastreifen vertraut. Dazu schl\u00fcpften die kleinen Verkehrsteilnehmer in die Rolle von Auto, Motorrad oder Fu\u00dfg\u00e4nger, um spielerisch das Miteinander der [&hellip;]\" \/>\n<meta property=\"og:url\" content=\"https:\/\/gsmulsum-kutenholz.de\/?p=4600\" \/>\n<meta property=\"og:site_name\" content=\"Grundschule Mulsum - Kutenholz\" \/>\n<meta property=\"article:published_time\" content=\"2023-11-09T12:58:00+00:00\" \/>\n<meta property=\"article:modified_time\" content=\"2023-11-09T14:10:28+00:00\" \/>\n<meta property=\"og:image\" content=\"https:\/\/gsmulsum-kutenholz.de\/wp-content\/uploads\/2023\/11\/adacuslogo-630x412.jpg\" \/>\n\t<meta property=\"og:image:width\" content=\"630\" \/>\n\t<meta property=\"og:image:height\" content=\"412\" \/>\n\t<meta property=\"og:image:type\" content=\"image\/jpeg\" \/>\n<meta name=\"author\" content=\"StR\" \/>\n<meta name=\"twitter:card\" content=\"summary_large_image\" \/>\n<meta name=\"twitter:label1\" content=\"Verfasst von\" \/>\n\t<meta name=\"twitter:data1\" content=\"StR\" \/>\n\t<meta name=\"twitter:label2\" content=\"Gesch\u00e4tzte Lesezeit\" \/>\n\t<meta name=\"twitter:data2\" content=\"1\u00a0Minute\" \/>\n<script type=\"application\/ld+json\" class=\"yoast-schema-graph\">{\"@context\":\"https:\\\/\\\/schema.org\",\"@graph\":[{\"@type\":\"Article\",\"@id\":\"https:\\\/\\\/gsmulsum-kutenholz.de\\\/?p=4600#article\",\"isPartOf\":{\"@id\":\"https:\\\/\\\/gsmulsum-kutenholz.de\\\/?p=4600\"},\"author\":{\"name\":\"StR\",\"@id\":\"https:\\\/\\\/gsmulsum-kutenholz.de\\\/#\\\/schema\\\/person\\\/9392f9926f5b3febd93e4d9faad95a36\"},\"headline\":\"Der ADAC besucht mit ADACUS die Grundschule Mulsum-Kutenholz\",\"datePublished\":\"2023-11-09T12:58:00+00:00\",\"dateModified\":\"2023-11-09T14:10:28+00:00\",\"mainEntityOfPage\":{\"@id\":\"https:\\\/\\\/gsmulsum-kutenholz.de\\\/?p=4600\"},\"wordCount\":135,\"commentCount\":0,\"image\":{\"@id\":\"https:\\\/\\\/gsmulsum-kutenholz.de\\\/?p=4600#primaryimage\"},\"thumbnailUrl\":\"https:\\\/\\\/gsmulsum-kutenholz.de\\\/wp-content\\\/uploads\\\/2023\\\/11\\\/adacuslogo-630x412.jpg\",\"articleSection\":[\"Neuigkeiten\"],\"inLanguage\":\"de\",\"potentialAction\":[{\"@type\":\"CommentAction\",\"name\":\"Comment\",\"target\":[\"https:\\\/\\\/gsmulsum-kutenholz.de\\\/?p=4600#respond\"]}]},{\"@type\":\"WebPage\",\"@id\":\"https:\\\/\\\/gsmulsum-kutenholz.de\\\/?p=4600\",\"url\":\"https:\\\/\\\/gsmulsum-kutenholz.de\\\/?p=4600\",\"name\":\"Der ADAC besucht mit ADACUS die Grundschule Mulsum-Kutenholz - Grundschule Mulsum - Kutenholz\",\"isPartOf\":{\"@id\":\"https:\\\/\\\/gsmulsum-kutenholz.de\\\/#website\"},\"primaryImageOfPage\":{\"@id\":\"https:\\\/\\\/gsmulsum-kutenholz.de\\\/?p=4600#primaryimage\"},\"image\":{\"@id\":\"https:\\\/\\\/gsmulsum-kutenholz.de\\\/?p=4600#primaryimage\"},\"thumbnailUrl\":\"https:\\\/\\\/gsmulsum-kutenholz.de\\\/wp-content\\\/uploads\\\/2023\\\/11\\\/adacuslogo-630x412.jpg\",\"datePublished\":\"2023-11-09T12:58:00+00:00\",\"dateModified\":\"2023-11-09T14:10:28+00:00\",\"author\":{\"@id\":\"https:\\\/\\\/gsmulsum-kutenholz.de\\\/#\\\/schema\\\/person\\\/9392f9926f5b3febd93e4d9faad95a36\"},\"breadcrumb\":{\"@id\":\"https:\\\/\\\/gsmulsum-kutenholz.de\\\/?p=4600#breadcrumb\"},\"inLanguage\":\"de\",\"potentialAction\":[{\"@type\":\"ReadAction\",\"target\":[\"https:\\\/\\\/gsmulsum-kutenholz.de\\\/?p=4600\"]}]},{\"@type\":\"ImageObject\",\"inLanguage\":\"de\",\"@id\":\"https:\\\/\\\/gsmulsum-kutenholz.de\\\/?p=4600#primaryimage\",\"url\":\"https:\\\/\\\/gsmulsum-kutenholz.de\\\/wp-content\\\/uploads\\\/2023\\\/11\\\/adacuslogo-630x412.jpg\",\"contentUrl\":\"https:\\\/\\\/gsmulsum-kutenholz.de\\\/wp-content\\\/uploads\\\/2023\\\/11\\\/adacuslogo-630x412.jpg\",\"width\":630,\"height\":412,\"caption\":\"ADAC Stiftung \\\"Aufgepasst mit ADACUS\\\" \\\/ Beitrag zur Verkehrserziehung der 5 bis 8-j\u00e4hrigen \\\/ Weiterer Text \u00fcber ots und www.presseportal.de\\\/nr\\\/122834 \\\/ Die Verwendung dieses Bildes ist f\u00fcr redaktionelle Zwecke honorarfrei. Ver\u00f6ffentlichung bitte unter Quellenangabe: \\\"obs\\\/ADAC SE\\\/ADAC Stiftung\\\"\"},{\"@type\":\"BreadcrumbList\",\"@id\":\"https:\\\/\\\/gsmulsum-kutenholz.de\\\/?p=4600#breadcrumb\",\"itemListElement\":[{\"@type\":\"ListItem\",\"position\":1,\"name\":\"Start\",\"item\":\"https:\\\/\\\/gsmulsum-kutenholz.de\\\/\"},{\"@type\":\"ListItem\",\"position\":2,\"name\":\"Der ADAC besucht mit ADACUS die Grundschule Mulsum-Kutenholz\"}]},{\"@type\":\"WebSite\",\"@id\":\"https:\\\/\\\/gsmulsum-kutenholz.de\\\/#website\",\"url\":\"https:\\\/\\\/gsmulsum-kutenholz.de\\\/\",\"name\":\"Grundschule Mulsum - Kutenholz\",\"description\":\"\",\"potentialAction\":[{\"@type\":\"SearchAction\",\"target\":{\"@type\":\"EntryPoint\",\"urlTemplate\":\"https:\\\/\\\/gsmulsum-kutenholz.de\\\/?s={search_term_string}\"},\"query-input\":{\"@type\":\"PropertyValueSpecification\",\"valueRequired\":true,\"valueName\":\"search_term_string\"}}],\"inLanguage\":\"de\"},{\"@type\":\"Person\",\"@id\":\"https:\\\/\\\/gsmulsum-kutenholz.de\\\/#\\\/schema\\\/person\\\/9392f9926f5b3febd93e4d9faad95a36\",\"name\":\"StR\",\"image\":{\"@type\":\"ImageObject\",\"inLanguage\":\"de\",\"@id\":\"https:\\\/\\\/secure.gravatar.com\\\/avatar\\\/0f83786356390a9b9f34eec58b2e212e708162c990f07d5dd21c9104fcf44663?s=96&d=mm&r=g\",\"url\":\"https:\\\/\\\/secure.gravatar.com\\\/avatar\\\/0f83786356390a9b9f34eec58b2e212e708162c990f07d5dd21c9104fcf44663?s=96&d=mm&r=g\",\"contentUrl\":\"https:\\\/\\\/secure.gravatar.com\\\/avatar\\\/0f83786356390a9b9f34eec58b2e212e708162c990f07d5dd21c9104fcf44663?s=96&d=mm&r=g\",\"caption\":\"StR\"},\"url\":\"https:\\\/\\\/gsmulsum-kutenholz.de\\\/?author=2\"}]}<\/script>\n<!-- \/ Yoast SEO plugin. -->","yoast_head_json":{"title":"Der ADAC besucht mit ADACUS die Grundschule Mulsum-Kutenholz - Grundschule Mulsum - Kutenholz","robots":{"index":"index","follow":"follow","max-snippet":"max-snippet:-1","max-image-preview":"max-image-preview:large","max-video-preview":"max-video-preview:-1"},"canonical":"https:\/\/gsmulsum-kutenholz.de\/?p=4600","og_locale":"de_DE","og_type":"article","og_title":"Der ADAC besucht mit ADACUS die Grundschule Mulsum-Kutenholz - Grundschule Mulsum - Kutenholz","og_description":"Am Mittwoch, den 7.11.2023 besuchte der ADAC unsere Klassen 1a, 1b und 1c und f\u00fchrte mit ihnen das Verkehrssicherheitsprogramm \u201eAUFGEPASST MIT ADACUS\u201c durch. Das 45-min\u00fctige Programm machte die Kinder mit den Verhaltensregeln an Fu\u00dfg\u00e4ngerampeln und Zebrastreifen vertraut. Dazu schl\u00fcpften die kleinen Verkehrsteilnehmer in die Rolle von Auto, Motorrad oder Fu\u00dfg\u00e4nger, um spielerisch das Miteinander der [&hellip;]","og_url":"https:\/\/gsmulsum-kutenholz.de\/?p=4600","og_site_name":"Grundschule Mulsum - Kutenholz","article_published_time":"2023-11-09T12:58:00+00:00","article_modified_time":"2023-11-09T14:10:28+00:00","og_image":[{"width":630,"height":412,"url":"https:\/\/gsmulsum-kutenholz.de\/wp-content\/uploads\/2023\/11\/adacuslogo-630x412.jpg","type":"image\/jpeg"}],"author":"StR","twitter_card":"summary_large_image","twitter_misc":{"Verfasst von":"StR","Gesch\u00e4tzte Lesezeit":"1\u00a0Minute"},"schema":{"@context":"https:\/\/schema.org","@graph":[{"@type":"Article","@id":"https:\/\/gsmulsum-kutenholz.de\/?p=4600#article","isPartOf":{"@id":"https:\/\/gsmulsum-kutenholz.de\/?p=4600"},"author":{"name":"StR","@id":"https:\/\/gsmulsum-kutenholz.de\/#\/schema\/person\/9392f9926f5b3febd93e4d9faad95a36"},"headline":"Der ADAC besucht mit ADACUS die Grundschule Mulsum-Kutenholz","datePublished":"2023-11-09T12:58:00+00:00","dateModified":"2023-11-09T14:10:28+00:00","mainEntityOfPage":{"@id":"https:\/\/gsmulsum-kutenholz.de\/?p=4600"},"wordCount":135,"commentCount":0,"image":{"@id":"https:\/\/gsmulsum-kutenholz.de\/?p=4600#primaryimage"},"thumbnailUrl":"https:\/\/gsmulsum-kutenholz.de\/wp-content\/uploads\/2023\/11\/adacuslogo-630x412.jpg","articleSection":["Neuigkeiten"],"inLanguage":"de","potentialAction":[{"@type":"CommentAction","name":"Comment","target":["https:\/\/gsmulsum-kutenholz.de\/?p=4600#respond"]}]},{"@type":"WebPage","@id":"https:\/\/gsmulsum-kutenholz.de\/?p=4600","url":"https:\/\/gsmulsum-kutenholz.de\/?p=4600","name":"Der ADAC besucht mit ADACUS die Grundschule Mulsum-Kutenholz - Grundschule Mulsum - Kutenholz","isPartOf":{"@id":"https:\/\/gsmulsum-kutenholz.de\/#website"},"primaryImageOfPage":{"@id":"https:\/\/gsmulsum-kutenholz.de\/?p=4600#primaryimage"},"image":{"@id":"https:\/\/gsmulsum-kutenholz.de\/?p=4600#primaryimage"},"thumbnailUrl":"https:\/\/gsmulsum-kutenholz.de\/wp-content\/uploads\/2023\/11\/adacuslogo-630x412.jpg","datePublished":"2023-11-09T12:58:00+00:00","dateModified":"2023-11-09T14:10:28+00:00","author":{"@id":"https:\/\/gsmulsum-kutenholz.de\/#\/schema\/person\/9392f9926f5b3febd93e4d9faad95a36"},"breadcrumb":{"@id":"https:\/\/gsmulsum-kutenholz.de\/?p=4600#breadcrumb"},"inLanguage":"de","potentialAction":[{"@type":"ReadAction","target":["https:\/\/gsmulsum-kutenholz.de\/?p=4600"]}]},{"@type":"ImageObject","inLanguage":"de","@id":"https:\/\/gsmulsum-kutenholz.de\/?p=4600#primaryimage","url":"https:\/\/gsmulsum-kutenholz.de\/wp-content\/uploads\/2023\/11\/adacuslogo-630x412.jpg","contentUrl":"https:\/\/gsmulsum-kutenholz.de\/wp-content\/uploads\/2023\/11\/adacuslogo-630x412.jpg","width":630,"height":412,"caption":"ADAC Stiftung \"Aufgepasst mit ADACUS\" \/ Beitrag zur Verkehrserziehung der 5 bis 8-j\u00e4hrigen \/ Weiterer Text \u00fcber ots und www.presseportal.de\/nr\/122834 \/ Die Verwendung dieses Bildes ist f\u00fcr redaktionelle Zwecke honorarfrei. Ver\u00f6ffentlichung bitte unter Quellenangabe: \"obs\/ADAC SE\/ADAC Stiftung\""},{"@type":"BreadcrumbList","@id":"https:\/\/gsmulsum-kutenholz.de\/?p=4600#breadcrumb","itemListElement":[{"@type":"ListItem","position":1,"name":"Start","item":"https:\/\/gsmulsum-kutenholz.de\/"},{"@type":"ListItem","position":2,"name":"Der ADAC besucht mit ADACUS die Grundschule Mulsum-Kutenholz"}]},{"@type":"WebSite","@id":"https:\/\/gsmulsum-kutenholz.de\/#website","url":"https:\/\/gsmulsum-kutenholz.de\/","name":"Grundschule Mulsum - Kutenholz","description":"","potentialAction":[{"@type":"SearchAction","target":{"@type":"EntryPoint","urlTemplate":"https:\/\/gsmulsum-kutenholz.de\/?s={search_term_string}"},"query-input":{"@type":"PropertyValueSpecification","valueRequired":true,"valueName":"search_term_string"}}],"inLanguage":"de"},{"@type":"Person","@id":"https:\/\/gsmulsum-kutenholz.de\/#\/schema\/person\/9392f9926f5b3febd93e4d9faad95a36","name":"StR","image":{"@type":"ImageObject","inLanguage":"de","@id":"https:\/\/secure.gravatar.com\/avatar\/0f83786356390a9b9f34eec58b2e212e708162c990f07d5dd21c9104fcf44663?s=96&d=mm&r=g","url":"https:\/\/secure.gravatar.com\/avatar\/0f83786356390a9b9f34eec58b2e212e708162c990f07d5dd21c9104fcf44663?s=96&d=mm&r=g","contentUrl":"https:\/\/secure.gravatar.com\/avatar\/0f83786356390a9b9f34eec58b2e212e708162c990f07d5dd21c9104fcf44663?s=96&d=mm&r=g","caption":"StR"},"url":"https:\/\/gsmulsum-kutenholz.de\/?author=2"}]}},"_links":{"self":[{"href":"https:\/\/gsmulsum-kutenholz.de\/index.php?rest_route=\/wp\/v2\/posts\/4600","targetHints":{"allow":["GET"]}}],"collection":[{"href":"https:\/\/gsmulsum-kutenholz.de\/index.php?rest_route=\/wp\/v2\/posts"}],"about":[{"href":"https:\/\/gsmulsum-kutenholz.de\/index.php?rest_route=\/wp\/v2\/types\/post"}],"author":[{"embeddable":true,"href":"https:\/\/gsmulsum-kutenholz.de\/index.php?rest_route=\/wp\/v2\/users\/2"}],"replies":[{"embeddable":true,"href":"https:\/\/gsmulsum-kutenholz.de\/index.php?rest_route=%2Fwp%2Fv2%2Fcomments&post=4600"}],"version-history":[{"count":8,"href":"https:\/\/gsmulsum-kutenholz.de\/index.php?rest_route=\/wp\/v2\/posts\/4600\/revisions"}],"predecessor-version":[{"id":4620,"href":"https:\/\/gsmulsum-kutenholz.de\/index.php?rest_route=\/wp\/v2\/posts\/4600\/revisions\/4620"}],"wp:featuredmedia":[{"embeddable":true,"href":"https:\/\/gsmulsum-kutenholz.de\/index.php?rest_route=\/wp\/v2\/media\/4615"}],"wp:attachment":[{"href":"https:\/\/gsmulsum-kutenholz.de\/index.php?rest_route=%2Fwp%2Fv2%2Fmedia&parent=4600"}],"wp:term":[{"taxonomy":"category","embeddable":true,"href":"https:\/\/gsmulsum-kutenholz.de\/index.php?rest_route=%2Fwp%2Fv2%2Fcategories&post=4600"},{"taxonomy":"post_tag","embeddable":true,"href":"https:\/\/gsmulsum-kutenholz.de\/index.php?rest_route=%2Fwp%2Fv2%2Ftags&post=4600"}],"curies":[{"name":"wp","href":"https:\/\/api.w.org\/{rel}","templated":true}]}}