{"id":4661,"date":"2023-11-29T18:37:07","date_gmt":"2023-11-29T16:37:07","guid":{"rendered":"https:\/\/gsmulsum-kutenholz.de\/?p=4661"},"modified":"2023-11-29T18:40:48","modified_gmt":"2023-11-29T16:40:48","slug":"erster-schnee-des-jahres","status":"publish","type":"post","link":"https:\/\/gsmulsum-kutenholz.de\/?p=4661","title":{"rendered":"Erster Schnee des Jahres"},"content":{"rendered":"\n<p class=\"has-white-color has-black-background-color has-text-color has-background has-medium-font-size\">Bereits in der Nacht und auch im Verlaufe des Vormittages hatte ein wilder Flockenwirbel \u2744\u2744\u2744 vom Himmel etwas wei\u00dfe Pracht auf die Schulh\u00f6fe gezaubert und bei den Sch\u00fclerinnen und Sch\u00fclern der Grundschule Mulsum-Kutenholz f\u00fcr leuchtende Augen und flei\u00dfige Aktivit\u00e4ten gesorgt! \u2603\u26c4\u2603 Die sch\u00f6nsten Bilder der Bl\u00e4tter-Schnee-Erde-Figuren folgen hier:<\/p>\n\n\n\n<figure class=\"wp-block-image size-large\"><img loading=\"lazy\" decoding=\"async\" width=\"768\" height=\"1024\" src=\"https:\/\/gsmulsum-kutenholz.de\/wp-content\/uploads\/2023\/11\/schnee1-768x1024.jpeg\" alt=\"\" class=\"wp-image-4666\" srcset=\"https:\/\/gsmulsum-kutenholz.de\/wp-content\/uploads\/2023\/11\/schnee1-768x1024.jpeg 768w, https:\/\/gsmulsum-kutenholz.de\/wp-content\/uploads\/2023\/11\/schnee1-225x300.jpeg 225w, https:\/\/gsmulsum-kutenholz.de\/wp-content\/uploads\/2023\/11\/schnee1-1152x1536.jpeg 1152w, https:\/\/gsmulsum-kutenholz.de\/wp-content\/uploads\/2023\/11\/schnee1-1536x2048.jpeg 1536w, https:\/\/gsmulsum-kutenholz.de\/wp-content\/uploads\/2023\/11\/schnee1-rotated.jpeg 1875w\" sizes=\"auto, (max-width: 768px) 100vw, 768px\" \/><\/figure>\n\n\n\n<p><\/p>\n\n\n\n<figure class=\"wp-block-image size-large\"><img loading=\"lazy\" decoding=\"async\" width=\"768\" height=\"1024\" src=\"https:\/\/gsmulsum-kutenholz.de\/wp-content\/uploads\/2023\/11\/schnee2-768x1024.jpeg\" alt=\"\" class=\"wp-image-4668\" srcset=\"https:\/\/gsmulsum-kutenholz.de\/wp-content\/uploads\/2023\/11\/schnee2-768x1024.jpeg 768w, https:\/\/gsmulsum-kutenholz.de\/wp-content\/uploads\/2023\/11\/schnee2-225x300.jpeg 225w, https:\/\/gsmulsum-kutenholz.de\/wp-content\/uploads\/2023\/11\/schnee2-1152x1536.jpeg 1152w, https:\/\/gsmulsum-kutenholz.de\/wp-content\/uploads\/2023\/11\/schnee2-1536x2048.jpeg 1536w, https:\/\/gsmulsum-kutenholz.de\/wp-content\/uploads\/2023\/11\/schnee2-rotated.jpeg 1875w\" sizes=\"auto, (max-width: 768px) 100vw, 768px\" \/><\/figure>\n\n\n\n<p><\/p>\n\n\n\n<figure class=\"wp-block-image size-large\"><img loading=\"lazy\" decoding=\"async\" width=\"768\" height=\"1024\" src=\"https:\/\/gsmulsum-kutenholz.de\/wp-content\/uploads\/2023\/11\/schnee3-768x1024.jpeg\" alt=\"\" class=\"wp-image-4670\" srcset=\"https:\/\/gsmulsum-kutenholz.de\/wp-content\/uploads\/2023\/11\/schnee3-768x1024.jpeg 768w, https:\/\/gsmulsum-kutenholz.de\/wp-content\/uploads\/2023\/11\/schnee3-225x300.jpeg 225w, https:\/\/gsmulsum-kutenholz.de\/wp-content\/uploads\/2023\/11\/schnee3-1152x1536.jpeg 1152w, https:\/\/gsmulsum-kutenholz.de\/wp-content\/uploads\/2023\/11\/schnee3-1536x2048.jpeg 1536w, https:\/\/gsmulsum-kutenholz.de\/wp-content\/uploads\/2023\/11\/schnee3-rotated.jpeg 1875w\" sizes=\"auto, (max-width: 768px) 100vw, 768px\" \/><\/figure>\n\n\n\n<p><\/p>\n\n\n\n<figure class=\"wp-block-image size-large\"><img loading=\"lazy\" decoding=\"async\" width=\"1024\" height=\"507\" src=\"https:\/\/gsmulsum-kutenholz.de\/wp-content\/uploads\/2023\/11\/schnee4-1024x507.jpeg\" alt=\"\" class=\"wp-image-4672\" srcset=\"https:\/\/gsmulsum-kutenholz.de\/wp-content\/uploads\/2023\/11\/schnee4-1024x507.jpeg 1024w, https:\/\/gsmulsum-kutenholz.de\/wp-content\/uploads\/2023\/11\/schnee4-300x149.jpeg 300w, https:\/\/gsmulsum-kutenholz.de\/wp-content\/uploads\/2023\/11\/schnee4-768x381.jpeg 768w, https:\/\/gsmulsum-kutenholz.de\/wp-content\/uploads\/2023\/11\/schnee4-1536x761.jpeg 1536w, https:\/\/gsmulsum-kutenholz.de\/wp-content\/uploads\/2023\/11\/schnee4-2048x1015.jpeg 2048w\" sizes=\"auto, (max-width: 1024px) 100vw, 1024px\" \/><\/figure>\n\n\n\n<p><\/p>\n\n\n\n<figure class=\"wp-block-image size-large\"><img loading=\"lazy\" decoding=\"async\" width=\"1024\" height=\"703\" src=\"https:\/\/gsmulsum-kutenholz.de\/wp-content\/uploads\/2023\/11\/schnee5-1024x703.jpeg\" alt=\"\" class=\"wp-image-4674\" srcset=\"https:\/\/gsmulsum-kutenholz.de\/wp-content\/uploads\/2023\/11\/schnee5-1024x703.jpeg 1024w, https:\/\/gsmulsum-kutenholz.de\/wp-content\/uploads\/2023\/11\/schnee5-300x206.jpeg 300w, https:\/\/gsmulsum-kutenholz.de\/wp-content\/uploads\/2023\/11\/schnee5-768x527.jpeg 768w, https:\/\/gsmulsum-kutenholz.de\/wp-content\/uploads\/2023\/11\/schnee5-1536x1054.jpeg 1536w, https:\/\/gsmulsum-kutenholz.de\/wp-content\/uploads\/2023\/11\/schnee5-2048x1406.jpeg 2048w\" sizes=\"auto, (max-width: 1024px) 100vw, 1024px\" \/><\/figure>\n\n\n\n<p><\/p>\n\n\n\n<figure class=\"wp-block-image size-large\"><img loading=\"lazy\" decoding=\"async\" width=\"768\" height=\"1024\" src=\"https:\/\/gsmulsum-kutenholz.de\/wp-content\/uploads\/2023\/11\/schnee6-768x1024.jpeg\" alt=\"\" class=\"wp-image-4677\" srcset=\"https:\/\/gsmulsum-kutenholz.de\/wp-content\/uploads\/2023\/11\/schnee6-768x1024.jpeg 768w, https:\/\/gsmulsum-kutenholz.de\/wp-content\/uploads\/2023\/11\/schnee6-225x300.jpeg 225w, https:\/\/gsmulsum-kutenholz.de\/wp-content\/uploads\/2023\/11\/schnee6-1152x1536.jpeg 1152w, https:\/\/gsmulsum-kutenholz.de\/wp-content\/uploads\/2023\/11\/schnee6-1536x2048.jpeg 1536w, https:\/\/gsmulsum-kutenholz.de\/wp-content\/uploads\/2023\/11\/schnee6-rotated.jpeg 1875w\" sizes=\"auto, (max-width: 768px) 100vw, 768px\" \/><\/figure>\n\n\n\n<p><\/p>\n\n\n\n<p><\/p>\n\n\n\n<figure class=\"wp-block-image size-large\"><img loading=\"lazy\" decoding=\"async\" width=\"913\" height=\"1024\" src=\"https:\/\/gsmulsum-kutenholz.de\/wp-content\/uploads\/2023\/11\/schnee7-1-913x1024.jpeg\" alt=\"\" class=\"wp-image-4685\" srcset=\"https:\/\/gsmulsum-kutenholz.de\/wp-content\/uploads\/2023\/11\/schnee7-1-913x1024.jpeg 913w, https:\/\/gsmulsum-kutenholz.de\/wp-content\/uploads\/2023\/11\/schnee7-1-268x300.jpeg 268w, https:\/\/gsmulsum-kutenholz.de\/wp-content\/uploads\/2023\/11\/schnee7-1-768x861.jpeg 768w, https:\/\/gsmulsum-kutenholz.de\/wp-content\/uploads\/2023\/11\/schnee7-1-1370x1536.jpeg 1370w, https:\/\/gsmulsum-kutenholz.de\/wp-content\/uploads\/2023\/11\/schnee7-1-1827x2048.jpeg 1827w\" sizes=\"auto, (max-width: 913px) 100vw, 913px\" \/><\/figure>\n","protected":false},"excerpt":{"rendered":"<p>Bereits in der Nacht und auch im Verlaufe des Vormittages hatte ein wilder Flockenwirbel \u2744\u2744\u2744 vom Himmel etwas wei\u00dfe Pracht auf die Schulh\u00f6fe gezaubert und bei den Sch\u00fclerinnen und Sch\u00fclern der Grundschule Mulsum-Kutenholz f\u00fcr leuchtende Augen und flei\u00dfige Aktivit\u00e4ten gesorgt! \u2603\u26c4\u2603 Die sch\u00f6nsten Bilder der Bl\u00e4tter-Schnee-Erde-Figuren folgen hier:<\/p>\n","protected":false},"author":2,"featured_media":4663,"comment_status":"open","ping_status":"open","sticky":false,"template":"","format":"standard","meta":{"ngg_post_thumbnail":0,"footnotes":""},"categories":[5],"tags":[],"class_list":["post-4661","post","type-post","status-publish","format-standard","has-post-thumbnail","hentry","category-neuigkeiten"],"yoast_head":"<!-- This site is optimized with the Yoast SEO plugin v27.4 - https:\/\/yoast.com\/product\/yoast-seo-wordpress\/ -->\n<title>Erster Schnee des Jahres - Grundschule Mulsum - Kutenholz<\/title>\n<meta name=\"robots\" content=\"index, follow, max-snippet:-1, max-image-preview:large, max-video-preview:-1\" \/>\n<link rel=\"canonical\" href=\"https:\/\/gsmulsum-kutenholz.de\/?p=4661\" \/>\n<meta property=\"og:locale\" content=\"de_DE\" \/>\n<meta property=\"og:type\" content=\"article\" \/>\n<meta property=\"og:title\" content=\"Erster Schnee des Jahres - Grundschule Mulsum - Kutenholz\" \/>\n<meta property=\"og:description\" content=\"Bereits in der Nacht und auch im Verlaufe des Vormittages hatte ein wilder Flockenwirbel \u2744\u2744\u2744 vom Himmel etwas wei\u00dfe Pracht auf die Schulh\u00f6fe gezaubert und bei den Sch\u00fclerinnen und Sch\u00fclern der Grundschule Mulsum-Kutenholz f\u00fcr leuchtende Augen und flei\u00dfige Aktivit\u00e4ten gesorgt! \u2603\u26c4\u2603 Die sch\u00f6nsten Bilder der Bl\u00e4tter-Schnee-Erde-Figuren folgen hier:\" \/>\n<meta property=\"og:url\" content=\"https:\/\/gsmulsum-kutenholz.de\/?p=4661\" \/>\n<meta property=\"og:site_name\" content=\"Grundschule Mulsum - Kutenholz\" \/>\n<meta property=\"article:published_time\" content=\"2023-11-29T16:37:07+00:00\" \/>\n<meta property=\"article:modified_time\" content=\"2023-11-29T16:40:48+00:00\" \/>\n<meta property=\"og:image\" content=\"https:\/\/gsmulsum-kutenholz.de\/wp-content\/uploads\/2023\/11\/beitragsbild-rotated.jpeg\" \/>\n\t<meta property=\"og:image:width\" content=\"1875\" \/>\n\t<meta property=\"og:image:height\" content=\"2500\" \/>\n\t<meta property=\"og:image:type\" content=\"image\/jpeg\" \/>\n<meta name=\"author\" content=\"StR\" \/>\n<meta name=\"twitter:card\" content=\"summary_large_image\" \/>\n<meta name=\"twitter:label1\" content=\"Verfasst von\" \/>\n\t<meta name=\"twitter:data1\" content=\"StR\" \/>\n<script type=\"application\/ld+json\" class=\"yoast-schema-graph\">{\"@context\":\"https:\\\/\\\/schema.org\",\"@graph\":[{\"@type\":\"Article\",\"@id\":\"https:\\\/\\\/gsmulsum-kutenholz.de\\\/?p=4661#article\",\"isPartOf\":{\"@id\":\"https:\\\/\\\/gsmulsum-kutenholz.de\\\/?p=4661\"},\"author\":{\"name\":\"StR\",\"@id\":\"https:\\\/\\\/gsmulsum-kutenholz.de\\\/#\\\/schema\\\/person\\\/9392f9926f5b3febd93e4d9faad95a36\"},\"headline\":\"Erster Schnee des Jahres\",\"datePublished\":\"2023-11-29T16:37:07+00:00\",\"dateModified\":\"2023-11-29T16:40:48+00:00\",\"mainEntityOfPage\":{\"@id\":\"https:\\\/\\\/gsmulsum-kutenholz.de\\\/?p=4661\"},\"wordCount\":59,\"commentCount\":0,\"image\":{\"@id\":\"https:\\\/\\\/gsmulsum-kutenholz.de\\\/?p=4661#primaryimage\"},\"thumbnailUrl\":\"https:\\\/\\\/gsmulsum-kutenholz.de\\\/wp-content\\\/uploads\\\/2023\\\/11\\\/beitragsbild-rotated.jpeg\",\"articleSection\":[\"Neuigkeiten\"],\"inLanguage\":\"de\",\"potentialAction\":[{\"@type\":\"CommentAction\",\"name\":\"Comment\",\"target\":[\"https:\\\/\\\/gsmulsum-kutenholz.de\\\/?p=4661#respond\"]}]},{\"@type\":\"WebPage\",\"@id\":\"https:\\\/\\\/gsmulsum-kutenholz.de\\\/?p=4661\",\"url\":\"https:\\\/\\\/gsmulsum-kutenholz.de\\\/?p=4661\",\"name\":\"Erster Schnee des Jahres - Grundschule Mulsum - Kutenholz\",\"isPartOf\":{\"@id\":\"https:\\\/\\\/gsmulsum-kutenholz.de\\\/#website\"},\"primaryImageOfPage\":{\"@id\":\"https:\\\/\\\/gsmulsum-kutenholz.de\\\/?p=4661#primaryimage\"},\"image\":{\"@id\":\"https:\\\/\\\/gsmulsum-kutenholz.de\\\/?p=4661#primaryimage\"},\"thumbnailUrl\":\"https:\\\/\\\/gsmulsum-kutenholz.de\\\/wp-content\\\/uploads\\\/2023\\\/11\\\/beitragsbild-rotated.jpeg\",\"datePublished\":\"2023-11-29T16:37:07+00:00\",\"dateModified\":\"2023-11-29T16:40:48+00:00\",\"author\":{\"@id\":\"https:\\\/\\\/gsmulsum-kutenholz.de\\\/#\\\/schema\\\/person\\\/9392f9926f5b3febd93e4d9faad95a36\"},\"breadcrumb\":{\"@id\":\"https:\\\/\\\/gsmulsum-kutenholz.de\\\/?p=4661#breadcrumb\"},\"inLanguage\":\"de\",\"potentialAction\":[{\"@type\":\"ReadAction\",\"target\":[\"https:\\\/\\\/gsmulsum-kutenholz.de\\\/?p=4661\"]}]},{\"@type\":\"ImageObject\",\"inLanguage\":\"de\",\"@id\":\"https:\\\/\\\/gsmulsum-kutenholz.de\\\/?p=4661#primaryimage\",\"url\":\"https:\\\/\\\/gsmulsum-kutenholz.de\\\/wp-content\\\/uploads\\\/2023\\\/11\\\/beitragsbild-rotated.jpeg\",\"contentUrl\":\"https:\\\/\\\/gsmulsum-kutenholz.de\\\/wp-content\\\/uploads\\\/2023\\\/11\\\/beitragsbild-rotated.jpeg\",\"width\":1875,\"height\":2500},{\"@type\":\"BreadcrumbList\",\"@id\":\"https:\\\/\\\/gsmulsum-kutenholz.de\\\/?p=4661#breadcrumb\",\"itemListElement\":[{\"@type\":\"ListItem\",\"position\":1,\"name\":\"Start\",\"item\":\"https:\\\/\\\/gsmulsum-kutenholz.de\\\/\"},{\"@type\":\"ListItem\",\"position\":2,\"name\":\"Erster Schnee des Jahres\"}]},{\"@type\":\"WebSite\",\"@id\":\"https:\\\/\\\/gsmulsum-kutenholz.de\\\/#website\",\"url\":\"https:\\\/\\\/gsmulsum-kutenholz.de\\\/\",\"name\":\"Grundschule Mulsum - Kutenholz\",\"description\":\"\",\"potentialAction\":[{\"@type\":\"SearchAction\",\"target\":{\"@type\":\"EntryPoint\",\"urlTemplate\":\"https:\\\/\\\/gsmulsum-kutenholz.de\\\/?s={search_term_string}\"},\"query-input\":{\"@type\":\"PropertyValueSpecification\",\"valueRequired\":true,\"valueName\":\"search_term_string\"}}],\"inLanguage\":\"de\"},{\"@type\":\"Person\",\"@id\":\"https:\\\/\\\/gsmulsum-kutenholz.de\\\/#\\\/schema\\\/person\\\/9392f9926f5b3febd93e4d9faad95a36\",\"name\":\"StR\",\"image\":{\"@type\":\"ImageObject\",\"inLanguage\":\"de\",\"@id\":\"https:\\\/\\\/secure.gravatar.com\\\/avatar\\\/0f83786356390a9b9f34eec58b2e212e708162c990f07d5dd21c9104fcf44663?s=96&d=mm&r=g\",\"url\":\"https:\\\/\\\/secure.gravatar.com\\\/avatar\\\/0f83786356390a9b9f34eec58b2e212e708162c990f07d5dd21c9104fcf44663?s=96&d=mm&r=g\",\"contentUrl\":\"https:\\\/\\\/secure.gravatar.com\\\/avatar\\\/0f83786356390a9b9f34eec58b2e212e708162c990f07d5dd21c9104fcf44663?s=96&d=mm&r=g\",\"caption\":\"StR\"},\"url\":\"https:\\\/\\\/gsmulsum-kutenholz.de\\\/?author=2\"}]}<\/script>\n<!-- \/ Yoast SEO plugin. -->","yoast_head_json":{"title":"Erster Schnee des Jahres - Grundschule Mulsum - Kutenholz","robots":{"index":"index","follow":"follow","max-snippet":"max-snippet:-1","max-image-preview":"max-image-preview:large","max-video-preview":"max-video-preview:-1"},"canonical":"https:\/\/gsmulsum-kutenholz.de\/?p=4661","og_locale":"de_DE","og_type":"article","og_title":"Erster Schnee des Jahres - Grundschule Mulsum - Kutenholz","og_description":"Bereits in der Nacht und auch im Verlaufe des Vormittages hatte ein wilder Flockenwirbel \u2744\u2744\u2744 vom Himmel etwas wei\u00dfe Pracht auf die Schulh\u00f6fe gezaubert und bei den Sch\u00fclerinnen und Sch\u00fclern der Grundschule Mulsum-Kutenholz f\u00fcr leuchtende Augen und flei\u00dfige Aktivit\u00e4ten gesorgt! \u2603\u26c4\u2603 Die sch\u00f6nsten Bilder der Bl\u00e4tter-Schnee-Erde-Figuren folgen hier:","og_url":"https:\/\/gsmulsum-kutenholz.de\/?p=4661","og_site_name":"Grundschule Mulsum - Kutenholz","article_published_time":"2023-11-29T16:37:07+00:00","article_modified_time":"2023-11-29T16:40:48+00:00","og_image":[{"width":1875,"height":2500,"url":"https:\/\/gsmulsum-kutenholz.de\/wp-content\/uploads\/2023\/11\/beitragsbild-rotated.jpeg","type":"image\/jpeg"}],"author":"StR","twitter_card":"summary_large_image","twitter_misc":{"Verfasst von":"StR"},"schema":{"@context":"https:\/\/schema.org","@graph":[{"@type":"Article","@id":"https:\/\/gsmulsum-kutenholz.de\/?p=4661#article","isPartOf":{"@id":"https:\/\/gsmulsum-kutenholz.de\/?p=4661"},"author":{"name":"StR","@id":"https:\/\/gsmulsum-kutenholz.de\/#\/schema\/person\/9392f9926f5b3febd93e4d9faad95a36"},"headline":"Erster Schnee des Jahres","datePublished":"2023-11-29T16:37:07+00:00","dateModified":"2023-11-29T16:40:48+00:00","mainEntityOfPage":{"@id":"https:\/\/gsmulsum-kutenholz.de\/?p=4661"},"wordCount":59,"commentCount":0,"image":{"@id":"https:\/\/gsmulsum-kutenholz.de\/?p=4661#primaryimage"},"thumbnailUrl":"https:\/\/gsmulsum-kutenholz.de\/wp-content\/uploads\/2023\/11\/beitragsbild-rotated.jpeg","articleSection":["Neuigkeiten"],"inLanguage":"de","potentialAction":[{"@type":"CommentAction","name":"Comment","target":["https:\/\/gsmulsum-kutenholz.de\/?p=4661#respond"]}]},{"@type":"WebPage","@id":"https:\/\/gsmulsum-kutenholz.de\/?p=4661","url":"https:\/\/gsmulsum-kutenholz.de\/?p=4661","name":"Erster Schnee des Jahres - Grundschule Mulsum - Kutenholz","isPartOf":{"@id":"https:\/\/gsmulsum-kutenholz.de\/#website"},"primaryImageOfPage":{"@id":"https:\/\/gsmulsum-kutenholz.de\/?p=4661#primaryimage"},"image":{"@id":"https:\/\/gsmulsum-kutenholz.de\/?p=4661#primaryimage"},"thumbnailUrl":"https:\/\/gsmulsum-kutenholz.de\/wp-content\/uploads\/2023\/11\/beitragsbild-rotated.jpeg","datePublished":"2023-11-29T16:37:07+00:00","dateModified":"2023-11-29T16:40:48+00:00","author":{"@id":"https:\/\/gsmulsum-kutenholz.de\/#\/schema\/person\/9392f9926f5b3febd93e4d9faad95a36"},"breadcrumb":{"@id":"https:\/\/gsmulsum-kutenholz.de\/?p=4661#breadcrumb"},"inLanguage":"de","potentialAction":[{"@type":"ReadAction","target":["https:\/\/gsmulsum-kutenholz.de\/?p=4661"]}]},{"@type":"ImageObject","inLanguage":"de","@id":"https:\/\/gsmulsum-kutenholz.de\/?p=4661#primaryimage","url":"https:\/\/gsmulsum-kutenholz.de\/wp-content\/uploads\/2023\/11\/beitragsbild-rotated.jpeg","contentUrl":"https:\/\/gsmulsum-kutenholz.de\/wp-content\/uploads\/2023\/11\/beitragsbild-rotated.jpeg","width":1875,"height":2500},{"@type":"BreadcrumbList","@id":"https:\/\/gsmulsum-kutenholz.de\/?p=4661#breadcrumb","itemListElement":[{"@type":"ListItem","position":1,"name":"Start","item":"https:\/\/gsmulsum-kutenholz.de\/"},{"@type":"ListItem","position":2,"name":"Erster Schnee des Jahres"}]},{"@type":"WebSite","@id":"https:\/\/gsmulsum-kutenholz.de\/#website","url":"https:\/\/gsmulsum-kutenholz.de\/","name":"Grundschule Mulsum - Kutenholz","description":"","potentialAction":[{"@type":"SearchAction","target":{"@type":"EntryPoint","urlTemplate":"https:\/\/gsmulsum-kutenholz.de\/?s={search_term_string}"},"query-input":{"@type":"PropertyValueSpecification","valueRequired":true,"valueName":"search_term_string"}}],"inLanguage":"de"},{"@type":"Person","@id":"https:\/\/gsmulsum-kutenholz.de\/#\/schema\/person\/9392f9926f5b3febd93e4d9faad95a36","name":"StR","image":{"@type":"ImageObject","inLanguage":"de","@id":"https:\/\/secure.gravatar.com\/avatar\/0f83786356390a9b9f34eec58b2e212e708162c990f07d5dd21c9104fcf44663?s=96&d=mm&r=g","url":"https:\/\/secure.gravatar.com\/avatar\/0f83786356390a9b9f34eec58b2e212e708162c990f07d5dd21c9104fcf44663?s=96&d=mm&r=g","contentUrl":"https:\/\/secure.gravatar.com\/avatar\/0f83786356390a9b9f34eec58b2e212e708162c990f07d5dd21c9104fcf44663?s=96&d=mm&r=g","caption":"StR"},"url":"https:\/\/gsmulsum-kutenholz.de\/?author=2"}]}},"_links":{"self":[{"href":"https:\/\/gsmulsum-kutenholz.de\/index.php?rest_route=\/wp\/v2\/posts\/4661","targetHints":{"allow":["GET"]}}],"collection":[{"href":"https:\/\/gsmulsum-kutenholz.de\/index.php?rest_route=\/wp\/v2\/posts"}],"about":[{"href":"https:\/\/gsmulsum-kutenholz.de\/index.php?rest_route=\/wp\/v2\/types\/post"}],"author":[{"embeddable":true,"href":"https:\/\/gsmulsum-kutenholz.de\/index.php?rest_route=\/wp\/v2\/users\/2"}],"replies":[{"embeddable":true,"href":"https:\/\/gsmulsum-kutenholz.de\/index.php?rest_route=%2Fwp%2Fv2%2Fcomments&post=4661"}],"version-history":[{"count":19,"href":"https:\/\/gsmulsum-kutenholz.de\/index.php?rest_route=\/wp\/v2\/posts\/4661\/revisions"}],"predecessor-version":[{"id":4690,"href":"https:\/\/gsmulsum-kutenholz.de\/index.php?rest_route=\/wp\/v2\/posts\/4661\/revisions\/4690"}],"wp:featuredmedia":[{"embeddable":true,"href":"https:\/\/gsmulsum-kutenholz.de\/index.php?rest_route=\/wp\/v2\/media\/4663"}],"wp:attachment":[{"href":"https:\/\/gsmulsum-kutenholz.de\/index.php?rest_route=%2Fwp%2Fv2%2Fmedia&parent=4661"}],"wp:term":[{"taxonomy":"category","embeddable":true,"href":"https:\/\/gsmulsum-kutenholz.de\/index.php?rest_route=%2Fwp%2Fv2%2Fcategories&post=4661"},{"taxonomy":"post_tag","embeddable":true,"href":"https:\/\/gsmulsum-kutenholz.de\/index.php?rest_route=%2Fwp%2Fv2%2Ftags&post=4661"}],"curies":[{"name":"wp","href":"https:\/\/api.w.org\/{rel}","templated":true}]}}