{"id":4822,"date":"2026-04-24T14:37:30","date_gmt":"2026-04-24T12:37:30","guid":{"rendered":"https:\/\/gsmulsum-kutenholz.de\/?p=4822"},"modified":"2026-04-24T14:39:47","modified_gmt":"2026-04-24T12:39:47","slug":"vorlesewettbewerb-und-projekttag-lesen","status":"publish","type":"post","link":"https:\/\/gsmulsum-kutenholz.de\/?p=4822","title":{"rendered":"Vorlesewettbewerb und Projekttag Lesen"},"content":{"rendered":"\n<p class=\"has-vivid-cyan-blue-color has-text-color has-link-color has-medium-font-size wp-elements-74c6f5a870705f36c539915b6e934c92\">In den Tagen vom 20.04. &#8211; 23.04.2026 fanden wieder unsere finalen Vorbereitungen f\u00fcr den j\u00e4hrlichen Vorlesewettbewerb statt. Im Rahmen der Wettbewerbswoche wurde mit den Kindern am Donnerstag, dem 23.04.2026, ein Projekttag des Buches gestaltet. Die ersten Runden wurden klassenintern ausgetragen und dadurch die Klassensieger ermittelt. Diese kamen dann in die Endrunde des Vorlesewettbewerbs, welcher ebenfalls am Donnerstag um 15.00 Uhr in Mulsum durchgef\u00fchrt wurde. Hierzu waren alle Eltern herzlich eingeladen. Wie bereits auch in den letzten Jahren gab es attraktive Buchpreise f\u00fcr die Sieger und Siegerinnen des Vorlesewettbewerbs. Wir danken dem F\u00f6rderverein f\u00fcr die Bereitstellung der Buchpreise. F\u00fcr uns steht jedoch in erster Linie der Spa\u00df am Lesen und die Lesef\u00f6rderung im Vordergrund und wir freuen uns daher stets \u00fcber eine rege Teilnahme.<\/p>\n\n\n\n<p class=\"has-vivid-purple-color has-text-color has-link-color has-medium-font-size wp-elements-953c259b5a5d03ae9b81d66fc2793b63\"><strong>Die tollen Preise! &#x1f603;<\/strong><\/p>\n\n\n\n<figure class=\"wp-block-image size-large\"><img loading=\"lazy\" decoding=\"async\" width=\"1024\" height=\"768\" src=\"https:\/\/gsmulsum-kutenholz.de\/wp-content\/uploads\/2025\/03\/IMG_0983-1024x768.jpeg\" alt=\"\" class=\"wp-image-5693\" srcset=\"https:\/\/gsmulsum-kutenholz.de\/wp-content\/uploads\/2025\/03\/IMG_0983-1024x768.jpeg 1024w, https:\/\/gsmulsum-kutenholz.de\/wp-content\/uploads\/2025\/03\/IMG_0983-300x225.jpeg 300w, https:\/\/gsmulsum-kutenholz.de\/wp-content\/uploads\/2025\/03\/IMG_0983-768x576.jpeg 768w, https:\/\/gsmulsum-kutenholz.de\/wp-content\/uploads\/2025\/03\/IMG_0983-1536x1152.jpeg 1536w, https:\/\/gsmulsum-kutenholz.de\/wp-content\/uploads\/2025\/03\/IMG_0983-2048x1536.jpeg 2048w\" sizes=\"auto, (max-width: 1024px) 100vw, 1024px\" \/><\/figure>\n\n\n\n<figure class=\"wp-block-image size-large\"><img loading=\"lazy\" decoding=\"async\" width=\"1024\" height=\"768\" src=\"https:\/\/gsmulsum-kutenholz.de\/wp-content\/uploads\/2025\/03\/IMG_0982-1024x768.jpeg\" alt=\"\" class=\"wp-image-5692\" srcset=\"https:\/\/gsmulsum-kutenholz.de\/wp-content\/uploads\/2025\/03\/IMG_0982-1024x768.jpeg 1024w, https:\/\/gsmulsum-kutenholz.de\/wp-content\/uploads\/2025\/03\/IMG_0982-300x225.jpeg 300w, https:\/\/gsmulsum-kutenholz.de\/wp-content\/uploads\/2025\/03\/IMG_0982-768x576.jpeg 768w, https:\/\/gsmulsum-kutenholz.de\/wp-content\/uploads\/2025\/03\/IMG_0982-1536x1152.jpeg 1536w, https:\/\/gsmulsum-kutenholz.de\/wp-content\/uploads\/2025\/03\/IMG_0982-2048x1536.jpeg 2048w\" sizes=\"auto, (max-width: 1024px) 100vw, 1024px\" \/><\/figure>\n\n\n\n<p class=\"has-vivid-red-color has-text-color has-link-color has-medium-font-size wp-elements-d5fc620b118e53a54a21c32a4b3c691c\"><strong>Einige der tollen Siegerinnen und Sieger! &#x1f642;<\/strong><\/p>\n\n\n\n<figure class=\"wp-block-image size-large\"><img loading=\"lazy\" decoding=\"async\" width=\"1024\" height=\"768\" src=\"https:\/\/gsmulsum-kutenholz.de\/wp-content\/uploads\/2025\/03\/IMG_0987-1024x768.jpeg\" alt=\"\" class=\"wp-image-5697\" srcset=\"https:\/\/gsmulsum-kutenholz.de\/wp-content\/uploads\/2025\/03\/IMG_0987-1024x768.jpeg 1024w, https:\/\/gsmulsum-kutenholz.de\/wp-content\/uploads\/2025\/03\/IMG_0987-300x225.jpeg 300w, https:\/\/gsmulsum-kutenholz.de\/wp-content\/uploads\/2025\/03\/IMG_0987-768x576.jpeg 768w, https:\/\/gsmulsum-kutenholz.de\/wp-content\/uploads\/2025\/03\/IMG_0987-1536x1152.jpeg 1536w, https:\/\/gsmulsum-kutenholz.de\/wp-content\/uploads\/2025\/03\/IMG_0987-2048x1536.jpeg 2048w\" sizes=\"auto, (max-width: 1024px) 100vw, 1024px\" \/><\/figure>\n\n\n\n<figure class=\"wp-block-image size-large\"><img loading=\"lazy\" decoding=\"async\" width=\"1024\" height=\"768\" src=\"https:\/\/gsmulsum-kutenholz.de\/wp-content\/uploads\/2025\/03\/IMG_0986-1-1024x768.jpeg\" alt=\"\" class=\"wp-image-5699\" srcset=\"https:\/\/gsmulsum-kutenholz.de\/wp-content\/uploads\/2025\/03\/IMG_0986-1-1024x768.jpeg 1024w, https:\/\/gsmulsum-kutenholz.de\/wp-content\/uploads\/2025\/03\/IMG_0986-1-300x225.jpeg 300w, https:\/\/gsmulsum-kutenholz.de\/wp-content\/uploads\/2025\/03\/IMG_0986-1-768x576.jpeg 768w, https:\/\/gsmulsum-kutenholz.de\/wp-content\/uploads\/2025\/03\/IMG_0986-1-1536x1152.jpeg 1536w, https:\/\/gsmulsum-kutenholz.de\/wp-content\/uploads\/2025\/03\/IMG_0986-1-2048x1536.jpeg 2048w\" sizes=\"auto, (max-width: 1024px) 100vw, 1024px\" \/><\/figure>\n\n\n\n<figure class=\"wp-block-image size-large\"><img loading=\"lazy\" decoding=\"async\" width=\"1024\" height=\"768\" src=\"https:\/\/gsmulsum-kutenholz.de\/wp-content\/uploads\/2025\/03\/IMG_0984-1024x768.jpeg\" alt=\"\" class=\"wp-image-5694\" srcset=\"https:\/\/gsmulsum-kutenholz.de\/wp-content\/uploads\/2025\/03\/IMG_0984-1024x768.jpeg 1024w, https:\/\/gsmulsum-kutenholz.de\/wp-content\/uploads\/2025\/03\/IMG_0984-300x225.jpeg 300w, https:\/\/gsmulsum-kutenholz.de\/wp-content\/uploads\/2025\/03\/IMG_0984-768x576.jpeg 768w, https:\/\/gsmulsum-kutenholz.de\/wp-content\/uploads\/2025\/03\/IMG_0984-1536x1152.jpeg 1536w, https:\/\/gsmulsum-kutenholz.de\/wp-content\/uploads\/2025\/03\/IMG_0984-2048x1536.jpeg 2048w\" sizes=\"auto, (max-width: 1024px) 100vw, 1024px\" \/><\/figure>\n\n\n\n<figure class=\"wp-block-image size-large\"><img loading=\"lazy\" decoding=\"async\" width=\"1024\" height=\"768\" src=\"https:\/\/gsmulsum-kutenholz.de\/wp-content\/uploads\/2025\/03\/IMG_0985-1024x768.jpeg\" alt=\"\" class=\"wp-image-5695\" srcset=\"https:\/\/gsmulsum-kutenholz.de\/wp-content\/uploads\/2025\/03\/IMG_0985-1024x768.jpeg 1024w, https:\/\/gsmulsum-kutenholz.de\/wp-content\/uploads\/2025\/03\/IMG_0985-300x225.jpeg 300w, https:\/\/gsmulsum-kutenholz.de\/wp-content\/uploads\/2025\/03\/IMG_0985-768x576.jpeg 768w, https:\/\/gsmulsum-kutenholz.de\/wp-content\/uploads\/2025\/03\/IMG_0985-1536x1152.jpeg 1536w, https:\/\/gsmulsum-kutenholz.de\/wp-content\/uploads\/2025\/03\/IMG_0985-2048x1536.jpeg 2048w\" sizes=\"auto, (max-width: 1024px) 100vw, 1024px\" \/><\/figure>\n\n\n\n<p class=\"has-luminous-vivid-amber-color has-black-background-color has-text-color has-background has-link-color wp-elements-f7123f2f7bd0d0931842b9011dd09d27\"><strong>Vielen Dank f\u00fcr Ihre Unterst\u00fctzung sowohl als Publikum als auch f\u00fcr die kleine Spende!<\/strong> &#x1f600;&#x1f603;&#x1f609;<\/p>\n\n\n\n<figure class=\"wp-block-image size-large\"><img loading=\"lazy\" decoding=\"async\" width=\"1024\" height=\"768\" src=\"https:\/\/gsmulsum-kutenholz.de\/wp-content\/uploads\/2025\/03\/IMG_0988-1024x768.jpeg\" alt=\"\" class=\"wp-image-5698\" srcset=\"https:\/\/gsmulsum-kutenholz.de\/wp-content\/uploads\/2025\/03\/IMG_0988-1024x768.jpeg 1024w, https:\/\/gsmulsum-kutenholz.de\/wp-content\/uploads\/2025\/03\/IMG_0988-300x225.jpeg 300w, https:\/\/gsmulsum-kutenholz.de\/wp-content\/uploads\/2025\/03\/IMG_0988-768x576.jpeg 768w, https:\/\/gsmulsum-kutenholz.de\/wp-content\/uploads\/2025\/03\/IMG_0988-1536x1152.jpeg 1536w, https:\/\/gsmulsum-kutenholz.de\/wp-content\/uploads\/2025\/03\/IMG_0988-2048x1536.jpeg 2048w\" sizes=\"auto, (max-width: 1024px) 100vw, 1024px\" \/><\/figure>\n","protected":false},"excerpt":{"rendered":"<p>In den Tagen vom 20.04. &#8211; 23.04.2026 fanden wieder unsere finalen Vorbereitungen f\u00fcr den j\u00e4hrlichen Vorlesewettbewerb statt. Im Rahmen der Wettbewerbswoche wurde mit den Kindern am Donnerstag, dem 23.04.2026, ein Projekttag des Buches gestaltet. Die ersten Runden wurden klassenintern ausgetragen und dadurch die Klassensieger ermittelt. Diese kamen dann in die Endrunde des Vorlesewettbewerbs, welcher ebenfalls [&hellip;]<\/p>\n","protected":false},"author":2,"featured_media":215,"comment_status":"open","ping_status":"open","sticky":false,"template":"","format":"standard","meta":{"ngg_post_thumbnail":0,"footnotes":""},"categories":[5],"tags":[],"class_list":["post-4822","post","type-post","status-publish","format-standard","has-post-thumbnail","hentry","category-neuigkeiten"],"yoast_head":"<!-- This site is optimized with the Yoast SEO plugin v27.4 - https:\/\/yoast.com\/product\/yoast-seo-wordpress\/ -->\n<title>Vorlesewettbewerb und Projekttag Lesen - Grundschule Mulsum - Kutenholz<\/title>\n<meta name=\"robots\" content=\"index, follow, max-snippet:-1, max-image-preview:large, max-video-preview:-1\" \/>\n<link rel=\"canonical\" href=\"https:\/\/gsmulsum-kutenholz.de\/?p=4822\" \/>\n<meta property=\"og:locale\" content=\"de_DE\" \/>\n<meta property=\"og:type\" content=\"article\" \/>\n<meta property=\"og:title\" content=\"Vorlesewettbewerb und Projekttag Lesen - Grundschule Mulsum - Kutenholz\" \/>\n<meta property=\"og:description\" content=\"In den Tagen vom 20.04. &#8211; 23.04.2026 fanden wieder unsere finalen Vorbereitungen f\u00fcr den j\u00e4hrlichen Vorlesewettbewerb statt. Im Rahmen der Wettbewerbswoche wurde mit den Kindern am Donnerstag, dem 23.04.2026, ein Projekttag des Buches gestaltet. Die ersten Runden wurden klassenintern ausgetragen und dadurch die Klassensieger ermittelt. Diese kamen dann in die Endrunde des Vorlesewettbewerbs, welcher ebenfalls [&hellip;]\" \/>\n<meta property=\"og:url\" content=\"https:\/\/gsmulsum-kutenholz.de\/?p=4822\" \/>\n<meta property=\"og:site_name\" content=\"Grundschule Mulsum - Kutenholz\" \/>\n<meta property=\"article:published_time\" content=\"2026-04-24T12:37:30+00:00\" \/>\n<meta property=\"article:modified_time\" content=\"2026-04-24T12:39:47+00:00\" \/>\n<meta property=\"og:image\" content=\"https:\/\/gsmulsum-kutenholz.de\/wp-content\/uploads\/2018\/04\/lesen.jpg\" \/>\n\t<meta property=\"og:image:width\" content=\"1274\" \/>\n\t<meta property=\"og:image:height\" content=\"1442\" \/>\n\t<meta property=\"og:image:type\" content=\"image\/jpeg\" \/>\n<meta name=\"author\" content=\"StR\" \/>\n<meta name=\"twitter:card\" content=\"summary_large_image\" \/>\n<meta name=\"twitter:label1\" content=\"Verfasst von\" \/>\n\t<meta name=\"twitter:data1\" content=\"StR\" \/>\n\t<meta name=\"twitter:label2\" content=\"Gesch\u00e4tzte Lesezeit\" \/>\n\t<meta name=\"twitter:data2\" content=\"3\u00a0Minuten\" \/>\n<script type=\"application\/ld+json\" class=\"yoast-schema-graph\">{\"@context\":\"https:\\\/\\\/schema.org\",\"@graph\":[{\"@type\":\"Article\",\"@id\":\"https:\\\/\\\/gsmulsum-kutenholz.de\\\/?p=4822#article\",\"isPartOf\":{\"@id\":\"https:\\\/\\\/gsmulsum-kutenholz.de\\\/?p=4822\"},\"author\":{\"name\":\"StR\",\"@id\":\"https:\\\/\\\/gsmulsum-kutenholz.de\\\/#\\\/schema\\\/person\\\/9392f9926f5b3febd93e4d9faad95a36\"},\"headline\":\"Vorlesewettbewerb und Projekttag Lesen\",\"datePublished\":\"2026-04-24T12:37:30+00:00\",\"dateModified\":\"2026-04-24T12:39:47+00:00\",\"mainEntityOfPage\":{\"@id\":\"https:\\\/\\\/gsmulsum-kutenholz.de\\\/?p=4822\"},\"wordCount\":167,\"commentCount\":0,\"image\":{\"@id\":\"https:\\\/\\\/gsmulsum-kutenholz.de\\\/?p=4822#primaryimage\"},\"thumbnailUrl\":\"https:\\\/\\\/gsmulsum-kutenholz.de\\\/wp-content\\\/uploads\\\/2018\\\/04\\\/lesen.jpg\",\"articleSection\":[\"Neuigkeiten\"],\"inLanguage\":\"de\",\"potentialAction\":[{\"@type\":\"CommentAction\",\"name\":\"Comment\",\"target\":[\"https:\\\/\\\/gsmulsum-kutenholz.de\\\/?p=4822#respond\"]}]},{\"@type\":\"WebPage\",\"@id\":\"https:\\\/\\\/gsmulsum-kutenholz.de\\\/?p=4822\",\"url\":\"https:\\\/\\\/gsmulsum-kutenholz.de\\\/?p=4822\",\"name\":\"Vorlesewettbewerb und Projekttag Lesen - Grundschule Mulsum - Kutenholz\",\"isPartOf\":{\"@id\":\"https:\\\/\\\/gsmulsum-kutenholz.de\\\/#website\"},\"primaryImageOfPage\":{\"@id\":\"https:\\\/\\\/gsmulsum-kutenholz.de\\\/?p=4822#primaryimage\"},\"image\":{\"@id\":\"https:\\\/\\\/gsmulsum-kutenholz.de\\\/?p=4822#primaryimage\"},\"thumbnailUrl\":\"https:\\\/\\\/gsmulsum-kutenholz.de\\\/wp-content\\\/uploads\\\/2018\\\/04\\\/lesen.jpg\",\"datePublished\":\"2026-04-24T12:37:30+00:00\",\"dateModified\":\"2026-04-24T12:39:47+00:00\",\"author\":{\"@id\":\"https:\\\/\\\/gsmulsum-kutenholz.de\\\/#\\\/schema\\\/person\\\/9392f9926f5b3febd93e4d9faad95a36\"},\"breadcrumb\":{\"@id\":\"https:\\\/\\\/gsmulsum-kutenholz.de\\\/?p=4822#breadcrumb\"},\"inLanguage\":\"de\",\"potentialAction\":[{\"@type\":\"ReadAction\",\"target\":[\"https:\\\/\\\/gsmulsum-kutenholz.de\\\/?p=4822\"]}]},{\"@type\":\"ImageObject\",\"inLanguage\":\"de\",\"@id\":\"https:\\\/\\\/gsmulsum-kutenholz.de\\\/?p=4822#primaryimage\",\"url\":\"https:\\\/\\\/gsmulsum-kutenholz.de\\\/wp-content\\\/uploads\\\/2018\\\/04\\\/lesen.jpg\",\"contentUrl\":\"https:\\\/\\\/gsmulsum-kutenholz.de\\\/wp-content\\\/uploads\\\/2018\\\/04\\\/lesen.jpg\",\"width\":1274,\"height\":1442},{\"@type\":\"BreadcrumbList\",\"@id\":\"https:\\\/\\\/gsmulsum-kutenholz.de\\\/?p=4822#breadcrumb\",\"itemListElement\":[{\"@type\":\"ListItem\",\"position\":1,\"name\":\"Start\",\"item\":\"https:\\\/\\\/gsmulsum-kutenholz.de\\\/\"},{\"@type\":\"ListItem\",\"position\":2,\"name\":\"Vorlesewettbewerb und Projekttag Lesen\"}]},{\"@type\":\"WebSite\",\"@id\":\"https:\\\/\\\/gsmulsum-kutenholz.de\\\/#website\",\"url\":\"https:\\\/\\\/gsmulsum-kutenholz.de\\\/\",\"name\":\"Grundschule Mulsum - Kutenholz\",\"description\":\"\",\"potentialAction\":[{\"@type\":\"SearchAction\",\"target\":{\"@type\":\"EntryPoint\",\"urlTemplate\":\"https:\\\/\\\/gsmulsum-kutenholz.de\\\/?s={search_term_string}\"},\"query-input\":{\"@type\":\"PropertyValueSpecification\",\"valueRequired\":true,\"valueName\":\"search_term_string\"}}],\"inLanguage\":\"de\"},{\"@type\":\"Person\",\"@id\":\"https:\\\/\\\/gsmulsum-kutenholz.de\\\/#\\\/schema\\\/person\\\/9392f9926f5b3febd93e4d9faad95a36\",\"name\":\"StR\",\"image\":{\"@type\":\"ImageObject\",\"inLanguage\":\"de\",\"@id\":\"https:\\\/\\\/secure.gravatar.com\\\/avatar\\\/0f83786356390a9b9f34eec58b2e212e708162c990f07d5dd21c9104fcf44663?s=96&d=mm&r=g\",\"url\":\"https:\\\/\\\/secure.gravatar.com\\\/avatar\\\/0f83786356390a9b9f34eec58b2e212e708162c990f07d5dd21c9104fcf44663?s=96&d=mm&r=g\",\"contentUrl\":\"https:\\\/\\\/secure.gravatar.com\\\/avatar\\\/0f83786356390a9b9f34eec58b2e212e708162c990f07d5dd21c9104fcf44663?s=96&d=mm&r=g\",\"caption\":\"StR\"},\"url\":\"https:\\\/\\\/gsmulsum-kutenholz.de\\\/?author=2\"}]}<\/script>\n<!-- \/ Yoast SEO plugin. -->","yoast_head_json":{"title":"Vorlesewettbewerb und Projekttag Lesen - Grundschule Mulsum - Kutenholz","robots":{"index":"index","follow":"follow","max-snippet":"max-snippet:-1","max-image-preview":"max-image-preview:large","max-video-preview":"max-video-preview:-1"},"canonical":"https:\/\/gsmulsum-kutenholz.de\/?p=4822","og_locale":"de_DE","og_type":"article","og_title":"Vorlesewettbewerb und Projekttag Lesen - Grundschule Mulsum - Kutenholz","og_description":"In den Tagen vom 20.04. &#8211; 23.04.2026 fanden wieder unsere finalen Vorbereitungen f\u00fcr den j\u00e4hrlichen Vorlesewettbewerb statt. Im Rahmen der Wettbewerbswoche wurde mit den Kindern am Donnerstag, dem 23.04.2026, ein Projekttag des Buches gestaltet. Die ersten Runden wurden klassenintern ausgetragen und dadurch die Klassensieger ermittelt. Diese kamen dann in die Endrunde des Vorlesewettbewerbs, welcher ebenfalls [&hellip;]","og_url":"https:\/\/gsmulsum-kutenholz.de\/?p=4822","og_site_name":"Grundschule Mulsum - Kutenholz","article_published_time":"2026-04-24T12:37:30+00:00","article_modified_time":"2026-04-24T12:39:47+00:00","og_image":[{"width":1274,"height":1442,"url":"https:\/\/gsmulsum-kutenholz.de\/wp-content\/uploads\/2018\/04\/lesen.jpg","type":"image\/jpeg"}],"author":"StR","twitter_card":"summary_large_image","twitter_misc":{"Verfasst von":"StR","Gesch\u00e4tzte Lesezeit":"3\u00a0Minuten"},"schema":{"@context":"https:\/\/schema.org","@graph":[{"@type":"Article","@id":"https:\/\/gsmulsum-kutenholz.de\/?p=4822#article","isPartOf":{"@id":"https:\/\/gsmulsum-kutenholz.de\/?p=4822"},"author":{"name":"StR","@id":"https:\/\/gsmulsum-kutenholz.de\/#\/schema\/person\/9392f9926f5b3febd93e4d9faad95a36"},"headline":"Vorlesewettbewerb und Projekttag Lesen","datePublished":"2026-04-24T12:37:30+00:00","dateModified":"2026-04-24T12:39:47+00:00","mainEntityOfPage":{"@id":"https:\/\/gsmulsum-kutenholz.de\/?p=4822"},"wordCount":167,"commentCount":0,"image":{"@id":"https:\/\/gsmulsum-kutenholz.de\/?p=4822#primaryimage"},"thumbnailUrl":"https:\/\/gsmulsum-kutenholz.de\/wp-content\/uploads\/2018\/04\/lesen.jpg","articleSection":["Neuigkeiten"],"inLanguage":"de","potentialAction":[{"@type":"CommentAction","name":"Comment","target":["https:\/\/gsmulsum-kutenholz.de\/?p=4822#respond"]}]},{"@type":"WebPage","@id":"https:\/\/gsmulsum-kutenholz.de\/?p=4822","url":"https:\/\/gsmulsum-kutenholz.de\/?p=4822","name":"Vorlesewettbewerb und Projekttag Lesen - Grundschule Mulsum - Kutenholz","isPartOf":{"@id":"https:\/\/gsmulsum-kutenholz.de\/#website"},"primaryImageOfPage":{"@id":"https:\/\/gsmulsum-kutenholz.de\/?p=4822#primaryimage"},"image":{"@id":"https:\/\/gsmulsum-kutenholz.de\/?p=4822#primaryimage"},"thumbnailUrl":"https:\/\/gsmulsum-kutenholz.de\/wp-content\/uploads\/2018\/04\/lesen.jpg","datePublished":"2026-04-24T12:37:30+00:00","dateModified":"2026-04-24T12:39:47+00:00","author":{"@id":"https:\/\/gsmulsum-kutenholz.de\/#\/schema\/person\/9392f9926f5b3febd93e4d9faad95a36"},"breadcrumb":{"@id":"https:\/\/gsmulsum-kutenholz.de\/?p=4822#breadcrumb"},"inLanguage":"de","potentialAction":[{"@type":"ReadAction","target":["https:\/\/gsmulsum-kutenholz.de\/?p=4822"]}]},{"@type":"ImageObject","inLanguage":"de","@id":"https:\/\/gsmulsum-kutenholz.de\/?p=4822#primaryimage","url":"https:\/\/gsmulsum-kutenholz.de\/wp-content\/uploads\/2018\/04\/lesen.jpg","contentUrl":"https:\/\/gsmulsum-kutenholz.de\/wp-content\/uploads\/2018\/04\/lesen.jpg","width":1274,"height":1442},{"@type":"BreadcrumbList","@id":"https:\/\/gsmulsum-kutenholz.de\/?p=4822#breadcrumb","itemListElement":[{"@type":"ListItem","position":1,"name":"Start","item":"https:\/\/gsmulsum-kutenholz.de\/"},{"@type":"ListItem","position":2,"name":"Vorlesewettbewerb und Projekttag Lesen"}]},{"@type":"WebSite","@id":"https:\/\/gsmulsum-kutenholz.de\/#website","url":"https:\/\/gsmulsum-kutenholz.de\/","name":"Grundschule Mulsum - Kutenholz","description":"","potentialAction":[{"@type":"SearchAction","target":{"@type":"EntryPoint","urlTemplate":"https:\/\/gsmulsum-kutenholz.de\/?s={search_term_string}"},"query-input":{"@type":"PropertyValueSpecification","valueRequired":true,"valueName":"search_term_string"}}],"inLanguage":"de"},{"@type":"Person","@id":"https:\/\/gsmulsum-kutenholz.de\/#\/schema\/person\/9392f9926f5b3febd93e4d9faad95a36","name":"StR","image":{"@type":"ImageObject","inLanguage":"de","@id":"https:\/\/secure.gravatar.com\/avatar\/0f83786356390a9b9f34eec58b2e212e708162c990f07d5dd21c9104fcf44663?s=96&d=mm&r=g","url":"https:\/\/secure.gravatar.com\/avatar\/0f83786356390a9b9f34eec58b2e212e708162c990f07d5dd21c9104fcf44663?s=96&d=mm&r=g","contentUrl":"https:\/\/secure.gravatar.com\/avatar\/0f83786356390a9b9f34eec58b2e212e708162c990f07d5dd21c9104fcf44663?s=96&d=mm&r=g","caption":"StR"},"url":"https:\/\/gsmulsum-kutenholz.de\/?author=2"}]}},"_links":{"self":[{"href":"https:\/\/gsmulsum-kutenholz.de\/index.php?rest_route=\/wp\/v2\/posts\/4822","targetHints":{"allow":["GET"]}}],"collection":[{"href":"https:\/\/gsmulsum-kutenholz.de\/index.php?rest_route=\/wp\/v2\/posts"}],"about":[{"href":"https:\/\/gsmulsum-kutenholz.de\/index.php?rest_route=\/wp\/v2\/types\/post"}],"author":[{"embeddable":true,"href":"https:\/\/gsmulsum-kutenholz.de\/index.php?rest_route=\/wp\/v2\/users\/2"}],"replies":[{"embeddable":true,"href":"https:\/\/gsmulsum-kutenholz.de\/index.php?rest_route=%2Fwp%2Fv2%2Fcomments&post=4822"}],"version-history":[{"count":14,"href":"https:\/\/gsmulsum-kutenholz.de\/index.php?rest_route=\/wp\/v2\/posts\/4822\/revisions"}],"predecessor-version":[{"id":5703,"href":"https:\/\/gsmulsum-kutenholz.de\/index.php?rest_route=\/wp\/v2\/posts\/4822\/revisions\/5703"}],"wp:featuredmedia":[{"embeddable":true,"href":"https:\/\/gsmulsum-kutenholz.de\/index.php?rest_route=\/wp\/v2\/media\/215"}],"wp:attachment":[{"href":"https:\/\/gsmulsum-kutenholz.de\/index.php?rest_route=%2Fwp%2Fv2%2Fmedia&parent=4822"}],"wp:term":[{"taxonomy":"category","embeddable":true,"href":"https:\/\/gsmulsum-kutenholz.de\/index.php?rest_route=%2Fwp%2Fv2%2Fcategories&post=4822"},{"taxonomy":"post_tag","embeddable":true,"href":"https:\/\/gsmulsum-kutenholz.de\/index.php?rest_route=%2Fwp%2Fv2%2Ftags&post=4822"}],"curies":[{"name":"wp","href":"https:\/\/api.w.org\/{rel}","templated":true}]}}