{"id":5235,"date":"2025-05-13T10:08:58","date_gmt":"2025-05-13T08:08:58","guid":{"rendered":"https:\/\/gsmulsum-kutenholz.de\/?p=5235"},"modified":"2025-05-13T10:31:15","modified_gmt":"2025-05-13T08:31:15","slug":"klassenfahrt","status":"publish","type":"post","link":"https:\/\/gsmulsum-kutenholz.de\/?p=5235","title":{"rendered":"Klassenfahrt"},"content":{"rendered":"\n<p class=\"has-luminous-vivid-orange-color has-text-color has-link-color has-medium-font-size wp-elements-5b64dc490d4a8a730bd5bfa5a0403086\"><strong>Kurz vor den Osterferien hatten die 4a und die 4b die M\u00f6glichkeit, eine tolle Klassen (Abschluss-)fahrt in der Freizeit- und Begegnungsst\u00e4tte Oese zu erleben. Bei bestem Wetter wurde flei\u00dfig Volleyball und Fu\u00dfball gespielt, au\u00dferdem haben wir mit einer Ralley und bei einem Picknick die Gegend erkundet. Am ersten Abend wurde dann am Lagerfeuer ein Stockbrot gemacht. Indoor-Aktivit\u00e4ten gab es auch: Von Tischtennis \u00fcber Basteln bis Briefeschreiben war alles dabei. Am letzten Abend fand als H\u00f6hepunkt eine Disco mit Hitparade und Fantabar statt. Die Herberge war selber auch ein Hit mit sch\u00f6nen Zimmern, gutem Essen und freundlichen Mitarbeitern. Also, eine rundum gelungene Klassenfahrt!<\/strong><\/p>\n\n\n\n<figure class=\"wp-block-gallery has-nested-images columns-default is-cropped wp-block-gallery-1 is-layout-flex wp-block-gallery-is-layout-flex\">\n<figure class=\"wp-block-image size-large\"><img loading=\"lazy\" decoding=\"async\" width=\"576\" height=\"1024\" data-id=\"5238\" src=\"https:\/\/gsmulsum-kutenholz.de\/wp-content\/uploads\/2025\/05\/20250402_100835-576x1024.jpg\" alt=\"\" class=\"wp-image-5238\" srcset=\"https:\/\/gsmulsum-kutenholz.de\/wp-content\/uploads\/2025\/05\/20250402_100835-576x1024.jpg 576w, https:\/\/gsmulsum-kutenholz.de\/wp-content\/uploads\/2025\/05\/20250402_100835-169x300.jpg 169w, https:\/\/gsmulsum-kutenholz.de\/wp-content\/uploads\/2025\/05\/20250402_100835-768x1365.jpg 768w, https:\/\/gsmulsum-kutenholz.de\/wp-content\/uploads\/2025\/05\/20250402_100835-864x1536.jpg 864w, https:\/\/gsmulsum-kutenholz.de\/wp-content\/uploads\/2025\/05\/20250402_100835-1153x2048.jpg 1153w, https:\/\/gsmulsum-kutenholz.de\/wp-content\/uploads\/2025\/05\/20250402_100835-rotated.jpg 1407w\" sizes=\"auto, (max-width: 576px) 100vw, 576px\" \/><\/figure>\n\n\n\n<figure class=\"wp-block-image size-large\"><img loading=\"lazy\" decoding=\"async\" width=\"576\" height=\"1024\" data-id=\"5240\" src=\"https:\/\/gsmulsum-kutenholz.de\/wp-content\/uploads\/2025\/05\/20250402_194844-576x1024.jpg\" alt=\"\" class=\"wp-image-5240\" srcset=\"https:\/\/gsmulsum-kutenholz.de\/wp-content\/uploads\/2025\/05\/20250402_194844-576x1024.jpg 576w, https:\/\/gsmulsum-kutenholz.de\/wp-content\/uploads\/2025\/05\/20250402_194844-169x300.jpg 169w, https:\/\/gsmulsum-kutenholz.de\/wp-content\/uploads\/2025\/05\/20250402_194844-768x1365.jpg 768w, https:\/\/gsmulsum-kutenholz.de\/wp-content\/uploads\/2025\/05\/20250402_194844-864x1536.jpg 864w, https:\/\/gsmulsum-kutenholz.de\/wp-content\/uploads\/2025\/05\/20250402_194844-1153x2048.jpg 1153w, https:\/\/gsmulsum-kutenholz.de\/wp-content\/uploads\/2025\/05\/20250402_194844-rotated.jpg 1407w\" sizes=\"auto, (max-width: 576px) 100vw, 576px\" \/><\/figure>\n\n\n\n<figure class=\"wp-block-image size-large\"><img loading=\"lazy\" decoding=\"async\" width=\"576\" height=\"1024\" data-id=\"5242\" src=\"https:\/\/gsmulsum-kutenholz.de\/wp-content\/uploads\/2025\/05\/20250402_203101-576x1024.jpg\" alt=\"\" class=\"wp-image-5242\" srcset=\"https:\/\/gsmulsum-kutenholz.de\/wp-content\/uploads\/2025\/05\/20250402_203101-576x1024.jpg 576w, https:\/\/gsmulsum-kutenholz.de\/wp-content\/uploads\/2025\/05\/20250402_203101-169x300.jpg 169w, https:\/\/gsmulsum-kutenholz.de\/wp-content\/uploads\/2025\/05\/20250402_203101-768x1365.jpg 768w, https:\/\/gsmulsum-kutenholz.de\/wp-content\/uploads\/2025\/05\/20250402_203101-864x1536.jpg 864w, https:\/\/gsmulsum-kutenholz.de\/wp-content\/uploads\/2025\/05\/20250402_203101-1153x2048.jpg 1153w, https:\/\/gsmulsum-kutenholz.de\/wp-content\/uploads\/2025\/05\/20250402_203101-rotated.jpg 1407w\" sizes=\"auto, (max-width: 576px) 100vw, 576px\" \/><\/figure>\n\n\n\n<figure class=\"wp-block-image size-large\"><img loading=\"lazy\" decoding=\"async\" width=\"576\" height=\"1024\" data-id=\"5239\" src=\"https:\/\/gsmulsum-kutenholz.de\/wp-content\/uploads\/2025\/05\/20250403_134011-576x1024.jpg\" alt=\"\" class=\"wp-image-5239\" srcset=\"https:\/\/gsmulsum-kutenholz.de\/wp-content\/uploads\/2025\/05\/20250403_134011-576x1024.jpg 576w, https:\/\/gsmulsum-kutenholz.de\/wp-content\/uploads\/2025\/05\/20250403_134011-169x300.jpg 169w, https:\/\/gsmulsum-kutenholz.de\/wp-content\/uploads\/2025\/05\/20250403_134011-768x1365.jpg 768w, https:\/\/gsmulsum-kutenholz.de\/wp-content\/uploads\/2025\/05\/20250403_134011-864x1536.jpg 864w, https:\/\/gsmulsum-kutenholz.de\/wp-content\/uploads\/2025\/05\/20250403_134011-1153x2048.jpg 1153w, https:\/\/gsmulsum-kutenholz.de\/wp-content\/uploads\/2025\/05\/20250403_134011-rotated.jpg 1407w\" sizes=\"auto, (max-width: 576px) 100vw, 576px\" \/><\/figure>\n\n\n\n<figure class=\"wp-block-image size-large\"><img loading=\"lazy\" decoding=\"async\" width=\"576\" height=\"1024\" data-id=\"5243\" src=\"https:\/\/gsmulsum-kutenholz.de\/wp-content\/uploads\/2025\/05\/20250403_161013-576x1024.jpg\" alt=\"\" class=\"wp-image-5243\" srcset=\"https:\/\/gsmulsum-kutenholz.de\/wp-content\/uploads\/2025\/05\/20250403_161013-576x1024.jpg 576w, https:\/\/gsmulsum-kutenholz.de\/wp-content\/uploads\/2025\/05\/20250403_161013-169x300.jpg 169w, https:\/\/gsmulsum-kutenholz.de\/wp-content\/uploads\/2025\/05\/20250403_161013-768x1365.jpg 768w, https:\/\/gsmulsum-kutenholz.de\/wp-content\/uploads\/2025\/05\/20250403_161013-864x1536.jpg 864w, https:\/\/gsmulsum-kutenholz.de\/wp-content\/uploads\/2025\/05\/20250403_161013-1153x2048.jpg 1153w, https:\/\/gsmulsum-kutenholz.de\/wp-content\/uploads\/2025\/05\/20250403_161013-rotated.jpg 1407w\" sizes=\"auto, (max-width: 576px) 100vw, 576px\" \/><\/figure>\n\n\n\n<figure class=\"wp-block-image size-large\"><img loading=\"lazy\" decoding=\"async\" width=\"1024\" height=\"576\" data-id=\"5241\" src=\"https:\/\/gsmulsum-kutenholz.de\/wp-content\/uploads\/2025\/05\/20250403_162610-1024x576.jpg\" alt=\"\" class=\"wp-image-5241\" srcset=\"https:\/\/gsmulsum-kutenholz.de\/wp-content\/uploads\/2025\/05\/20250403_162610-1024x576.jpg 1024w, https:\/\/gsmulsum-kutenholz.de\/wp-content\/uploads\/2025\/05\/20250403_162610-300x169.jpg 300w, https:\/\/gsmulsum-kutenholz.de\/wp-content\/uploads\/2025\/05\/20250403_162610-768x432.jpg 768w, https:\/\/gsmulsum-kutenholz.de\/wp-content\/uploads\/2025\/05\/20250403_162610-1536x864.jpg 1536w, https:\/\/gsmulsum-kutenholz.de\/wp-content\/uploads\/2025\/05\/20250403_162610-2048x1153.jpg 2048w\" sizes=\"auto, (max-width: 1024px) 100vw, 1024px\" \/><\/figure>\n<\/figure>\n","protected":false},"excerpt":{"rendered":"<p>Kurz vor den Osterferien hatten die 4a und die 4b die M\u00f6glichkeit, eine tolle Klassen (Abschluss-)fahrt in der Freizeit- und Begegnungsst\u00e4tte Oese zu erleben. Bei bestem Wetter wurde flei\u00dfig Volleyball und Fu\u00dfball gespielt, au\u00dferdem haben wir mit einer Ralley und bei einem Picknick die Gegend erkundet. Am ersten Abend wurde dann am Lagerfeuer ein Stockbrot [&hellip;]<\/p>\n","protected":false},"author":2,"featured_media":149,"comment_status":"open","ping_status":"open","sticky":false,"template":"","format":"standard","meta":{"ngg_post_thumbnail":0,"footnotes":""},"categories":[5],"tags":[],"class_list":["post-5235","post","type-post","status-publish","format-standard","has-post-thumbnail","hentry","category-neuigkeiten"],"yoast_head":"<!-- This site is optimized with the Yoast SEO plugin v27.4 - https:\/\/yoast.com\/product\/yoast-seo-wordpress\/ -->\n<title>Klassenfahrt - Grundschule Mulsum - Kutenholz<\/title>\n<meta name=\"robots\" content=\"index, follow, max-snippet:-1, max-image-preview:large, max-video-preview:-1\" \/>\n<link rel=\"canonical\" href=\"https:\/\/gsmulsum-kutenholz.de\/?p=5235\" \/>\n<meta property=\"og:locale\" content=\"de_DE\" \/>\n<meta property=\"og:type\" content=\"article\" \/>\n<meta property=\"og:title\" content=\"Klassenfahrt - Grundschule Mulsum - Kutenholz\" \/>\n<meta property=\"og:description\" content=\"Kurz vor den Osterferien hatten die 4a und die 4b die M\u00f6glichkeit, eine tolle Klassen (Abschluss-)fahrt in der Freizeit- und Begegnungsst\u00e4tte Oese zu erleben. Bei bestem Wetter wurde flei\u00dfig Volleyball und Fu\u00dfball gespielt, au\u00dferdem haben wir mit einer Ralley und bei einem Picknick die Gegend erkundet. Am ersten Abend wurde dann am Lagerfeuer ein Stockbrot [&hellip;]\" \/>\n<meta property=\"og:url\" content=\"https:\/\/gsmulsum-kutenholz.de\/?p=5235\" \/>\n<meta property=\"og:site_name\" content=\"Grundschule Mulsum - Kutenholz\" \/>\n<meta property=\"article:published_time\" content=\"2025-05-13T08:08:58+00:00\" \/>\n<meta property=\"article:modified_time\" content=\"2025-05-13T08:31:15+00:00\" \/>\n<meta property=\"og:image\" content=\"https:\/\/gsmulsum-kutenholz.de\/wp-content\/uploads\/2018\/04\/bus.jpg\" \/>\n\t<meta property=\"og:image:width\" content=\"965\" \/>\n\t<meta property=\"og:image:height\" content=\"364\" \/>\n\t<meta property=\"og:image:type\" content=\"image\/jpeg\" \/>\n<meta name=\"author\" content=\"StR\" \/>\n<meta name=\"twitter:card\" content=\"summary_large_image\" \/>\n<meta name=\"twitter:label1\" content=\"Verfasst von\" \/>\n\t<meta name=\"twitter:data1\" content=\"StR\" \/>\n\t<meta name=\"twitter:label2\" content=\"Gesch\u00e4tzte Lesezeit\" \/>\n\t<meta name=\"twitter:data2\" content=\"1\u00a0Minute\" \/>\n<script type=\"application\/ld+json\" class=\"yoast-schema-graph\">{\"@context\":\"https:\\\/\\\/schema.org\",\"@graph\":[{\"@type\":\"Article\",\"@id\":\"https:\\\/\\\/gsmulsum-kutenholz.de\\\/?p=5235#article\",\"isPartOf\":{\"@id\":\"https:\\\/\\\/gsmulsum-kutenholz.de\\\/?p=5235\"},\"author\":{\"name\":\"StR\",\"@id\":\"https:\\\/\\\/gsmulsum-kutenholz.de\\\/#\\\/schema\\\/person\\\/9392f9926f5b3febd93e4d9faad95a36\"},\"headline\":\"Klassenfahrt\",\"datePublished\":\"2025-05-13T08:08:58+00:00\",\"dateModified\":\"2025-05-13T08:31:15+00:00\",\"mainEntityOfPage\":{\"@id\":\"https:\\\/\\\/gsmulsum-kutenholz.de\\\/?p=5235\"},\"wordCount\":112,\"commentCount\":0,\"image\":{\"@id\":\"https:\\\/\\\/gsmulsum-kutenholz.de\\\/?p=5235#primaryimage\"},\"thumbnailUrl\":\"https:\\\/\\\/gsmulsum-kutenholz.de\\\/wp-content\\\/uploads\\\/2018\\\/04\\\/bus.jpg\",\"articleSection\":[\"Neuigkeiten\"],\"inLanguage\":\"de\",\"potentialAction\":[{\"@type\":\"CommentAction\",\"name\":\"Comment\",\"target\":[\"https:\\\/\\\/gsmulsum-kutenholz.de\\\/?p=5235#respond\"]}]},{\"@type\":\"WebPage\",\"@id\":\"https:\\\/\\\/gsmulsum-kutenholz.de\\\/?p=5235\",\"url\":\"https:\\\/\\\/gsmulsum-kutenholz.de\\\/?p=5235\",\"name\":\"Klassenfahrt - Grundschule Mulsum - Kutenholz\",\"isPartOf\":{\"@id\":\"https:\\\/\\\/gsmulsum-kutenholz.de\\\/#website\"},\"primaryImageOfPage\":{\"@id\":\"https:\\\/\\\/gsmulsum-kutenholz.de\\\/?p=5235#primaryimage\"},\"image\":{\"@id\":\"https:\\\/\\\/gsmulsum-kutenholz.de\\\/?p=5235#primaryimage\"},\"thumbnailUrl\":\"https:\\\/\\\/gsmulsum-kutenholz.de\\\/wp-content\\\/uploads\\\/2018\\\/04\\\/bus.jpg\",\"datePublished\":\"2025-05-13T08:08:58+00:00\",\"dateModified\":\"2025-05-13T08:31:15+00:00\",\"author\":{\"@id\":\"https:\\\/\\\/gsmulsum-kutenholz.de\\\/#\\\/schema\\\/person\\\/9392f9926f5b3febd93e4d9faad95a36\"},\"breadcrumb\":{\"@id\":\"https:\\\/\\\/gsmulsum-kutenholz.de\\\/?p=5235#breadcrumb\"},\"inLanguage\":\"de\",\"potentialAction\":[{\"@type\":\"ReadAction\",\"target\":[\"https:\\\/\\\/gsmulsum-kutenholz.de\\\/?p=5235\"]}]},{\"@type\":\"ImageObject\",\"inLanguage\":\"de\",\"@id\":\"https:\\\/\\\/gsmulsum-kutenholz.de\\\/?p=5235#primaryimage\",\"url\":\"https:\\\/\\\/gsmulsum-kutenholz.de\\\/wp-content\\\/uploads\\\/2018\\\/04\\\/bus.jpg\",\"contentUrl\":\"https:\\\/\\\/gsmulsum-kutenholz.de\\\/wp-content\\\/uploads\\\/2018\\\/04\\\/bus.jpg\",\"width\":965,\"height\":364},{\"@type\":\"BreadcrumbList\",\"@id\":\"https:\\\/\\\/gsmulsum-kutenholz.de\\\/?p=5235#breadcrumb\",\"itemListElement\":[{\"@type\":\"ListItem\",\"position\":1,\"name\":\"Start\",\"item\":\"https:\\\/\\\/gsmulsum-kutenholz.de\\\/\"},{\"@type\":\"ListItem\",\"position\":2,\"name\":\"Klassenfahrt\"}]},{\"@type\":\"WebSite\",\"@id\":\"https:\\\/\\\/gsmulsum-kutenholz.de\\\/#website\",\"url\":\"https:\\\/\\\/gsmulsum-kutenholz.de\\\/\",\"name\":\"Grundschule Mulsum - Kutenholz\",\"description\":\"\",\"potentialAction\":[{\"@type\":\"SearchAction\",\"target\":{\"@type\":\"EntryPoint\",\"urlTemplate\":\"https:\\\/\\\/gsmulsum-kutenholz.de\\\/?s={search_term_string}\"},\"query-input\":{\"@type\":\"PropertyValueSpecification\",\"valueRequired\":true,\"valueName\":\"search_term_string\"}}],\"inLanguage\":\"de\"},{\"@type\":\"Person\",\"@id\":\"https:\\\/\\\/gsmulsum-kutenholz.de\\\/#\\\/schema\\\/person\\\/9392f9926f5b3febd93e4d9faad95a36\",\"name\":\"StR\",\"image\":{\"@type\":\"ImageObject\",\"inLanguage\":\"de\",\"@id\":\"https:\\\/\\\/secure.gravatar.com\\\/avatar\\\/0f83786356390a9b9f34eec58b2e212e708162c990f07d5dd21c9104fcf44663?s=96&d=mm&r=g\",\"url\":\"https:\\\/\\\/secure.gravatar.com\\\/avatar\\\/0f83786356390a9b9f34eec58b2e212e708162c990f07d5dd21c9104fcf44663?s=96&d=mm&r=g\",\"contentUrl\":\"https:\\\/\\\/secure.gravatar.com\\\/avatar\\\/0f83786356390a9b9f34eec58b2e212e708162c990f07d5dd21c9104fcf44663?s=96&d=mm&r=g\",\"caption\":\"StR\"},\"url\":\"https:\\\/\\\/gsmulsum-kutenholz.de\\\/?author=2\"}]}<\/script>\n<!-- \/ Yoast SEO plugin. -->","yoast_head_json":{"title":"Klassenfahrt - Grundschule Mulsum - Kutenholz","robots":{"index":"index","follow":"follow","max-snippet":"max-snippet:-1","max-image-preview":"max-image-preview:large","max-video-preview":"max-video-preview:-1"},"canonical":"https:\/\/gsmulsum-kutenholz.de\/?p=5235","og_locale":"de_DE","og_type":"article","og_title":"Klassenfahrt - Grundschule Mulsum - Kutenholz","og_description":"Kurz vor den Osterferien hatten die 4a und die 4b die M\u00f6glichkeit, eine tolle Klassen (Abschluss-)fahrt in der Freizeit- und Begegnungsst\u00e4tte Oese zu erleben. Bei bestem Wetter wurde flei\u00dfig Volleyball und Fu\u00dfball gespielt, au\u00dferdem haben wir mit einer Ralley und bei einem Picknick die Gegend erkundet. Am ersten Abend wurde dann am Lagerfeuer ein Stockbrot [&hellip;]","og_url":"https:\/\/gsmulsum-kutenholz.de\/?p=5235","og_site_name":"Grundschule Mulsum - Kutenholz","article_published_time":"2025-05-13T08:08:58+00:00","article_modified_time":"2025-05-13T08:31:15+00:00","og_image":[{"width":965,"height":364,"url":"https:\/\/gsmulsum-kutenholz.de\/wp-content\/uploads\/2018\/04\/bus.jpg","type":"image\/jpeg"}],"author":"StR","twitter_card":"summary_large_image","twitter_misc":{"Verfasst von":"StR","Gesch\u00e4tzte Lesezeit":"1\u00a0Minute"},"schema":{"@context":"https:\/\/schema.org","@graph":[{"@type":"Article","@id":"https:\/\/gsmulsum-kutenholz.de\/?p=5235#article","isPartOf":{"@id":"https:\/\/gsmulsum-kutenholz.de\/?p=5235"},"author":{"name":"StR","@id":"https:\/\/gsmulsum-kutenholz.de\/#\/schema\/person\/9392f9926f5b3febd93e4d9faad95a36"},"headline":"Klassenfahrt","datePublished":"2025-05-13T08:08:58+00:00","dateModified":"2025-05-13T08:31:15+00:00","mainEntityOfPage":{"@id":"https:\/\/gsmulsum-kutenholz.de\/?p=5235"},"wordCount":112,"commentCount":0,"image":{"@id":"https:\/\/gsmulsum-kutenholz.de\/?p=5235#primaryimage"},"thumbnailUrl":"https:\/\/gsmulsum-kutenholz.de\/wp-content\/uploads\/2018\/04\/bus.jpg","articleSection":["Neuigkeiten"],"inLanguage":"de","potentialAction":[{"@type":"CommentAction","name":"Comment","target":["https:\/\/gsmulsum-kutenholz.de\/?p=5235#respond"]}]},{"@type":"WebPage","@id":"https:\/\/gsmulsum-kutenholz.de\/?p=5235","url":"https:\/\/gsmulsum-kutenholz.de\/?p=5235","name":"Klassenfahrt - Grundschule Mulsum - Kutenholz","isPartOf":{"@id":"https:\/\/gsmulsum-kutenholz.de\/#website"},"primaryImageOfPage":{"@id":"https:\/\/gsmulsum-kutenholz.de\/?p=5235#primaryimage"},"image":{"@id":"https:\/\/gsmulsum-kutenholz.de\/?p=5235#primaryimage"},"thumbnailUrl":"https:\/\/gsmulsum-kutenholz.de\/wp-content\/uploads\/2018\/04\/bus.jpg","datePublished":"2025-05-13T08:08:58+00:00","dateModified":"2025-05-13T08:31:15+00:00","author":{"@id":"https:\/\/gsmulsum-kutenholz.de\/#\/schema\/person\/9392f9926f5b3febd93e4d9faad95a36"},"breadcrumb":{"@id":"https:\/\/gsmulsum-kutenholz.de\/?p=5235#breadcrumb"},"inLanguage":"de","potentialAction":[{"@type":"ReadAction","target":["https:\/\/gsmulsum-kutenholz.de\/?p=5235"]}]},{"@type":"ImageObject","inLanguage":"de","@id":"https:\/\/gsmulsum-kutenholz.de\/?p=5235#primaryimage","url":"https:\/\/gsmulsum-kutenholz.de\/wp-content\/uploads\/2018\/04\/bus.jpg","contentUrl":"https:\/\/gsmulsum-kutenholz.de\/wp-content\/uploads\/2018\/04\/bus.jpg","width":965,"height":364},{"@type":"BreadcrumbList","@id":"https:\/\/gsmulsum-kutenholz.de\/?p=5235#breadcrumb","itemListElement":[{"@type":"ListItem","position":1,"name":"Start","item":"https:\/\/gsmulsum-kutenholz.de\/"},{"@type":"ListItem","position":2,"name":"Klassenfahrt"}]},{"@type":"WebSite","@id":"https:\/\/gsmulsum-kutenholz.de\/#website","url":"https:\/\/gsmulsum-kutenholz.de\/","name":"Grundschule Mulsum - Kutenholz","description":"","potentialAction":[{"@type":"SearchAction","target":{"@type":"EntryPoint","urlTemplate":"https:\/\/gsmulsum-kutenholz.de\/?s={search_term_string}"},"query-input":{"@type":"PropertyValueSpecification","valueRequired":true,"valueName":"search_term_string"}}],"inLanguage":"de"},{"@type":"Person","@id":"https:\/\/gsmulsum-kutenholz.de\/#\/schema\/person\/9392f9926f5b3febd93e4d9faad95a36","name":"StR","image":{"@type":"ImageObject","inLanguage":"de","@id":"https:\/\/secure.gravatar.com\/avatar\/0f83786356390a9b9f34eec58b2e212e708162c990f07d5dd21c9104fcf44663?s=96&d=mm&r=g","url":"https:\/\/secure.gravatar.com\/avatar\/0f83786356390a9b9f34eec58b2e212e708162c990f07d5dd21c9104fcf44663?s=96&d=mm&r=g","contentUrl":"https:\/\/secure.gravatar.com\/avatar\/0f83786356390a9b9f34eec58b2e212e708162c990f07d5dd21c9104fcf44663?s=96&d=mm&r=g","caption":"StR"},"url":"https:\/\/gsmulsum-kutenholz.de\/?author=2"}]}},"_links":{"self":[{"href":"https:\/\/gsmulsum-kutenholz.de\/index.php?rest_route=\/wp\/v2\/posts\/5235","targetHints":{"allow":["GET"]}}],"collection":[{"href":"https:\/\/gsmulsum-kutenholz.de\/index.php?rest_route=\/wp\/v2\/posts"}],"about":[{"href":"https:\/\/gsmulsum-kutenholz.de\/index.php?rest_route=\/wp\/v2\/types\/post"}],"author":[{"embeddable":true,"href":"https:\/\/gsmulsum-kutenholz.de\/index.php?rest_route=\/wp\/v2\/users\/2"}],"replies":[{"embeddable":true,"href":"https:\/\/gsmulsum-kutenholz.de\/index.php?rest_route=%2Fwp%2Fv2%2Fcomments&post=5235"}],"version-history":[{"count":2,"href":"https:\/\/gsmulsum-kutenholz.de\/index.php?rest_route=\/wp\/v2\/posts\/5235\/revisions"}],"predecessor-version":[{"id":5244,"href":"https:\/\/gsmulsum-kutenholz.de\/index.php?rest_route=\/wp\/v2\/posts\/5235\/revisions\/5244"}],"wp:featuredmedia":[{"embeddable":true,"href":"https:\/\/gsmulsum-kutenholz.de\/index.php?rest_route=\/wp\/v2\/media\/149"}],"wp:attachment":[{"href":"https:\/\/gsmulsum-kutenholz.de\/index.php?rest_route=%2Fwp%2Fv2%2Fmedia&parent=5235"}],"wp:term":[{"taxonomy":"category","embeddable":true,"href":"https:\/\/gsmulsum-kutenholz.de\/index.php?rest_route=%2Fwp%2Fv2%2Fcategories&post=5235"},{"taxonomy":"post_tag","embeddable":true,"href":"https:\/\/gsmulsum-kutenholz.de\/index.php?rest_route=%2Fwp%2Fv2%2Ftags&post=5235"}],"curies":[{"name":"wp","href":"https:\/\/api.w.org\/{rel}","templated":true}]}}